{"id":561,"date":"2016-11-05T16:50:00","date_gmt":"2016-11-05T15:50:00","guid":{"rendered":"http:\/\/enghien.ecolo.me\/2016\/11\/05\/nouvelle-antenne-de-45m-a-qualitis\/"},"modified":"2016-12-16T07:34:09","modified_gmt":"2016-12-16T06:34:09","slug":"nouvelle-antenne-de-45m-a-qualitis","status":"publish","type":"post","link":"https:\/\/enghien.ecolo.be\/nl\/2016\/11\/05\/nouvelle-antenne-de-45m-a-qualitis\/","title":{"rendered":"Nouvelle antenne de 45m \u00e0 Qualitis ?"},"content":{"rendered":"<p class=\"post_excerpt\">La soci\u00e9t\u00e9 Connex Center, situ\u00e9e \u00e0 l&#8217;entr\u00e9e du zoning Qualitis, a introduit une demande de permis d&#8217;urbanisme pour l&#8217;implantation d&#8217;une antenne de t\u00e9l\u00e9communication d&#8217;une hauteur de 45 m. Beaucoup de r\u00e9actions n\u00e9gatives par rapport \u00e0 ce projet \u00e0 l&#8217;important impact paysager&#8230;<\/p>\n<p><!--more--><br \/>\nConnex center est une soci\u00e9t\u00e9 sp\u00e9cialis\u00e9e dans le traitement des alarmes.  Ses b\u00e2timents sont situ\u00e9s \u00e0 l&#8217;entr\u00e9e de la zone d&#8217;activit\u00e9 \u00e9conomique Qualitis. Il y a quelques mois, cette soci\u00e9t\u00e9 a introduit une demande de permis pour installer un mat de 45 m\u00e8tres de haut destin\u00e9 \u00e0 supporter des antennes de t\u00e9l\u00e9communication utiles pour ses activit\u00e9s.<\/p>\n<p>Depuis les habitations voisines, Nautisport et m\u00eame le Parc d&#8217;Enghien, cette antenne aurait \u00e9t\u00e9 particuli\u00e8rement perceptible dans le paysage. D\u00e8s lors, suivant l&#8217;avis de nombreux riverains, le bourgmestre et les \u00e9chevins ont remis un avis n\u00e9gatif sur ce projet.<\/p>\n<p>La d\u00e9cision finale appartenait aux services de la R\u00e9gion wallonne qui ont suivi le choix de la Ville et d\u00e9livr\u00e9 un refus de permis. Cette d\u00e9cision est notamment motiv\u00e9e par l&#8217;existence de solutions techniques alternatives qui permettront \u00e0 Connex center de d\u00e9velopper son activit\u00e9 de communication sans recourir \u00e0 cette \u00e9norme antenne.<\/p>\n","protected":false},"excerpt":{"rendered":"<p>La soci\u00e9t\u00e9 Connex Center, situ\u00e9e \u00e0 l&#8217;entr\u00e9e du zoning Qualitis, a introduit une demande de permis d&#8217;urbanisme pour l&#8217;implantation d&#8217;une antenne de t\u00e9l\u00e9communication d&#8217;une hauteur de 45 m. Beaucoup de r\u00e9actions n\u00e9gatives par rapport \u00e0 ce projet \u00e0 l&#8217;important impact paysager&#8230;<\/p>\n","protected":false},"author":643,"featured_media":560,"comment_status":"closed","ping_status":"open","sticky":false,"template":"","format":"standard","meta":{"_acf_changed":false,"_et_pb_use_builder":"","_et_pb_old_content":"","_et_gb_content_width":"","footnotes":""},"categories":[20],"tags":[],"class_list":["post-561","post","type-post","status-publish","format-standard","has-post-thumbnail","hentry","category-economie"],"acf":[],"_links":{"self":[{"href":"https:\/\/enghien.ecolo.be\/nl\/wp-json\/wp\/v2\/posts\/561","targetHints":{"allow":["GET"]}}],"collection":[{"href":"https:\/\/enghien.ecolo.be\/nl\/wp-json\/wp\/v2\/posts"}],"about":[{"href":"https:\/\/enghien.ecolo.be\/nl\/wp-json\/wp\/v2\/types\/post"}],"author":[{"embeddable":true,"href":"https:\/\/enghien.ecolo.be\/nl\/wp-json\/wp\/v2\/users\/643"}],"replies":[{"embeddable":true,"href":"https:\/\/enghien.ecolo.be\/nl\/wp-json\/wp\/v2\/comments?post=561"}],"version-history":[{"count":1,"href":"https:\/\/enghien.ecolo.be\/nl\/wp-json\/wp\/v2\/posts\/561\/revisions"}],"predecessor-version":[{"id":569,"href":"https:\/\/enghien.ecolo.be\/nl\/wp-json\/wp\/v2\/posts\/561\/revisions\/569"}],"wp:featuredmedia":[{"embeddable":true,"href":"https:\/\/enghien.ecolo.be\/nl\/wp-json\/wp\/v2\/media\/560"}],"wp:attachment":[{"href":"https:\/\/enghien.ecolo.be\/nl\/wp-json\/wp\/v2\/media?parent=561"}],"wp:term":[{"taxonomy":"category","embeddable":true,"href":"https:\/\/enghien.ecolo.be\/nl\/wp-json\/wp\/v2\/categories?post=561"},{"taxonomy":"post_tag","embeddable":true,"href":"https:\/\/enghien.ecolo.be\/nl\/wp-json\/wp\/v2\/tags?post=561"}],"curies":[{"name":"wp","href":"https:\/\/api.w.org\/{rel}","templated":true}]}}