{"id":539,"date":"2016-05-23T00:01:00","date_gmt":"2016-05-22T22:01:00","guid":{"rendered":"http:\/\/enghien.ecolo.me\/2016\/05\/23\/a-decouvrir-livres-a-realite\/"},"modified":"2016-12-16T07:34:10","modified_gmt":"2016-12-16T06:34:10","slug":"a-decouvrir-livres-a-realite","status":"publish","type":"post","link":"https:\/\/enghien.ecolo.be\/nl\/2016\/05\/23\/a-decouvrir-livres-a-realite\/","title":{"rendered":"A d\u00e9couvrir : livres \u00e0 r\u00e9alit\u00e9 augment\u00e9e"},"content":{"rendered":"<p class=\"post_excerpt\">Quand la magie du livre rencontre celle du monde virtuel naissent les livres \u00e0 r\u00e9alit\u00e9 augment\u00e9e. Le livre prend vie sur une tablette ou un smartphone pour l&#8217;\u00e9merveillement des petits et des grands. C&#8217;est ce que la Biblioth\u00e8que et l&#8217;Espace num\u00e9rique d&#8217;Enghien vous invitent \u00e0 d\u00e9couvrir.<\/p>\n<p><!--more--><br \/>\n<img loading=\"lazy\" decoding=\"async\" class=\" alignleft size-full wp-image-538\" src=\"http:\/\/enghien.ecolo.me\/wp-content\/uploads\/sites\/462\/2016\/05\/png_ladouce.png\" alt=\"ladouce.png\" align=\"left\" width=\"383\" height=\"484\" srcset=\"https:\/\/enghien.ecolo.be\/wp-content\/uploads\/sites\/462\/2016\/05\/png_ladouce.png 383w, https:\/\/enghien.ecolo.be\/wp-content\/uploads\/sites\/462\/2016\/05\/png_ladouce-237x300.png 237w\" sizes=\"(max-width: 383px) 100vw, 383px\" \/><\/p>\n<p>Le 29 mai, dans le cadre de la journ\u00e9e &#8220;Loisirs, et vous?&#8221;, la biblioth\u00e8que et l&#8217;Espace public num\u00e9rique (EPN) d&#8217;Enghien vous emm\u00e8nent dans le monde de la magie du livre m\u00eal\u00e9 au virtuel. <\/p>\n<p>Tant les plus jeunes que les adultes pourront d\u00e9couvrir le livre \u00e0 r\u00e9alit\u00e9 augment\u00e9e. A partir d&#8217;histoires enchant\u00e9es pour les uns, ou de la bande dessin\u00e9e &#8220;La Douce&#8221; du Belge Fran\u00e7ois Schuyten, pour les autres, c&#8217;est une exp\u00e9rience \u00e0 tester absolument.<\/p>\n<p>A c\u00f4t\u00e9 de cela, un coin lecture sera disponible pour tous.<\/p>\n<p>N&#8217;h\u00e9sitez pas \u00e0 venir faire un tour sur le stand commun de la biblioth\u00e8que et de l&#8217;EPN !<\/p>\n","protected":false},"excerpt":{"rendered":"<p>Quand la magie du livre rencontre celle du monde virtuel naissent les livres \u00e0 r\u00e9alit\u00e9 augment\u00e9e. Le livre prend vie sur une tablette ou un smartphone pour l&#8217;\u00e9merveillement des petits et des grands. C&#8217;est ce que la Biblioth\u00e8que et l&#8217;Espace num\u00e9rique d&#8217;Enghien vous invitent \u00e0 d\u00e9couvrir.<\/p>\n","protected":false},"author":643,"featured_media":537,"comment_status":"closed","ping_status":"open","sticky":false,"template":"","format":"standard","meta":{"_acf_changed":false,"_et_pb_use_builder":"","_et_pb_old_content":"","_et_gb_content_width":"","footnotes":""},"categories":[11],"tags":[],"class_list":["post-539","post","type-post","status-publish","format-standard","has-post-thumbnail","hentry","category-culture"],"acf":[],"_links":{"self":[{"href":"https:\/\/enghien.ecolo.be\/nl\/wp-json\/wp\/v2\/posts\/539","targetHints":{"allow":["GET"]}}],"collection":[{"href":"https:\/\/enghien.ecolo.be\/nl\/wp-json\/wp\/v2\/posts"}],"about":[{"href":"https:\/\/enghien.ecolo.be\/nl\/wp-json\/wp\/v2\/types\/post"}],"author":[{"embeddable":true,"href":"https:\/\/enghien.ecolo.be\/nl\/wp-json\/wp\/v2\/users\/643"}],"replies":[{"embeddable":true,"href":"https:\/\/enghien.ecolo.be\/nl\/wp-json\/wp\/v2\/comments?post=539"}],"version-history":[{"count":1,"href":"https:\/\/enghien.ecolo.be\/nl\/wp-json\/wp\/v2\/posts\/539\/revisions"}],"predecessor-version":[{"id":584,"href":"https:\/\/enghien.ecolo.be\/nl\/wp-json\/wp\/v2\/posts\/539\/revisions\/584"}],"wp:featuredmedia":[{"embeddable":true,"href":"https:\/\/enghien.ecolo.be\/nl\/wp-json\/wp\/v2\/media\/537"}],"wp:attachment":[{"href":"https:\/\/enghien.ecolo.be\/nl\/wp-json\/wp\/v2\/media?parent=539"}],"wp:term":[{"taxonomy":"category","embeddable":true,"href":"https:\/\/enghien.ecolo.be\/nl\/wp-json\/wp\/v2\/categories?post=539"},{"taxonomy":"post_tag","embeddable":true,"href":"https:\/\/enghien.ecolo.be\/nl\/wp-json\/wp\/v2\/tags?post=539"}],"curies":[{"name":"wp","href":"https:\/\/api.w.org\/{rel}","templated":true}]}}