{"id":533,"date":"2016-05-24T23:55:54","date_gmt":"2016-05-24T21:55:54","guid":{"rendered":"http:\/\/enghien.ecolo.me\/2016\/05\/24\/28-29-5-c-est-la-fete-au-parc-d\/"},"modified":"2016-12-16T07:34:10","modified_gmt":"2016-12-16T06:34:10","slug":"28-29-5-c-est-la-fete-au-parc-d","status":"publish","type":"post","link":"https:\/\/enghien.ecolo.be\/nl\/2016\/05\/24\/28-29-5-c-est-la-fete-au-parc-d\/","title":{"rendered":"28-29\/5 : C&#8217;est la f\u00eate au Parc d&#8217;Enghien!"},"content":{"rendered":"<p class=\"post_excerpt\">C&#8217;est la f\u00eate au Parc d&#8217;Enghien, les 28 et 29 mai, \u00e0 l&#8217;occasion du 30\u00e8me anniversaire de l&#8217;achat du domaine par la commune. Deux rendez-vous \u00e0 ne surtout pas manquer : soir\u00e9e spectacle, le samedi, et journ\u00e9e &#8220;Loisirs, et Vous?, le dimanche. De la f\u00e9\u00e9rie et de l&#8217;amusement pour petits et grands !<\/p>\n<p><!--more--><br \/>\n<strong>Samedi 28\/5:<\/strong><br \/>\nSpectacle de la compagnie &#8220;Pok sous les \u00e9toiles&#8221; : spectacle  pyrotechnique, th\u00e9\u00e2tre de lumi\u00e8re et parade enflamm\u00e9e. Feu d&#8217;artifice en apoth\u00e9ose&#8230; Mais aussi, percussions et musique,  petite restauration et d\u00e9gustation de bi\u00e8res locales durant toute la soir\u00e9e. <\/p>\n<p>Plus d&#8217;infos sur :<\/p>\n<p>http:\/\/www.enghien-edingen.be\/fr\/evenements\/programme-des-festivites-des-30-ans-du-parc-denghien <\/p>\n<p>http:\/\/www.compagnie-pok.com<\/p>\n<p><img loading=\"lazy\" decoding=\"async\" class=\" alignleft size-full wp-image-532\" src=\"http:\/\/enghien.ecolo.me\/wp-content\/uploads\/sites\/462\/2016\/05\/jpg_29_mai_2016_-_Affiche.jpg\" alt=\"29_mai_2016_-_Affiche.jpg\" align=\"left\" width=\"859\" height=\"1208\" srcset=\"https:\/\/enghien.ecolo.be\/wp-content\/uploads\/sites\/462\/2016\/05\/jpg_29_mai_2016_-_Affiche.jpg 859w, https:\/\/enghien.ecolo.be\/wp-content\/uploads\/sites\/462\/2016\/05\/jpg_29_mai_2016_-_Affiche-213x300.jpg 213w, https:\/\/enghien.ecolo.be\/wp-content\/uploads\/sites\/462\/2016\/05\/jpg_29_mai_2016_-_Affiche-768x1080.jpg 768w, https:\/\/enghien.ecolo.be\/wp-content\/uploads\/sites\/462\/2016\/05\/jpg_29_mai_2016_-_Affiche-728x1024.jpg 728w\" sizes=\"(max-width: 859px) 100vw, 859px\" \/><\/p>\n<p><strong>Dimanche 29\/5 :<\/strong><br \/>\nGrande journ\u00e9e des loisirs organis\u00e9e par le service extrascolaire de la Ville : pas moins de 55 associations culturelles et sportives enghiennoises organisent des ateliers, des d\u00e9monstrations et des concours pour vous faire d\u00e9couvrir gratuitement les activit\u00e9s qui existent dans notre commune.<\/p>\n<p>Sur les pelouses du parc, si le soleil est de la partie, ou dans la salle des Acacias, en cas de mauvais temps, cette journ\u00e9e s&#8217;adresse \u00e0 tous, petits et grands, jeunes et moins jeunes&#8230; Il y en aura pour tous les go\u00fbts !<\/p>\n<p>Pour en savoir plus : <\/p>\n<p>https:\/\/www.facebook.com\/events\/1682853621978606\/permalink\/1686865201577448\/<\/p>\n<p><strong>Samedi 28 et dimanche 29\/5:<\/strong><br \/>\nL&#8217;artiste Xavier Parmentier nous fait l&#8217;honneur de pr\u00e9senter ses sculptures au sein de notre Parc. Une rencontre magique entre diff\u00e9rents mat\u00e9riaux dont le bois qui trouve toute sa place dans notre \u00e9crin de verdure au coeur de la Ville. <\/p>\n<p>A ne pas manquer non plus, l&#8217;exposition de photos retra\u00e7ant la vie du Parc. Expo visible au ch\u00e2teau jusqu&#8217;au 29\/5.<\/p>\n<p>Bref, des moments in\u00e9dits \u00e0 ne rater sous aucun pr\u00e9texte !<\/p>\n","protected":false},"excerpt":{"rendered":"<p>C&#8217;est la f\u00eate au Parc d&#8217;Enghien, les 28 et 29 mai, \u00e0 l&#8217;occasion du 30\u00e8me anniversaire de l&#8217;achat du domaine par la commune. Deux rendez-vous \u00e0 ne surtout pas manquer : soir\u00e9e spectacle, le samedi, et journ\u00e9e &#8220;Loisirs, et Vous?, le dimanche. De la f\u00e9\u00e9rie et de l&#8217;amusement pour petits et grands !<\/p>\n","protected":false},"author":643,"featured_media":531,"comment_status":"closed","ping_status":"open","sticky":false,"template":"","format":"standard","meta":{"_acf_changed":false,"_et_pb_use_builder":"","_et_pb_old_content":"","_et_gb_content_width":"","footnotes":""},"categories":[11],"tags":[],"class_list":["post-533","post","type-post","status-publish","format-standard","has-post-thumbnail","hentry","category-culture"],"acf":[],"_links":{"self":[{"href":"https:\/\/enghien.ecolo.be\/nl\/wp-json\/wp\/v2\/posts\/533","targetHints":{"allow":["GET"]}}],"collection":[{"href":"https:\/\/enghien.ecolo.be\/nl\/wp-json\/wp\/v2\/posts"}],"about":[{"href":"https:\/\/enghien.ecolo.be\/nl\/wp-json\/wp\/v2\/types\/post"}],"author":[{"embeddable":true,"href":"https:\/\/enghien.ecolo.be\/nl\/wp-json\/wp\/v2\/users\/643"}],"replies":[{"embeddable":true,"href":"https:\/\/enghien.ecolo.be\/nl\/wp-json\/wp\/v2\/comments?post=533"}],"version-history":[{"count":1,"href":"https:\/\/enghien.ecolo.be\/nl\/wp-json\/wp\/v2\/posts\/533\/revisions"}],"predecessor-version":[{"id":583,"href":"https:\/\/enghien.ecolo.be\/nl\/wp-json\/wp\/v2\/posts\/533\/revisions\/583"}],"wp:featuredmedia":[{"embeddable":true,"href":"https:\/\/enghien.ecolo.be\/nl\/wp-json\/wp\/v2\/media\/531"}],"wp:attachment":[{"href":"https:\/\/enghien.ecolo.be\/nl\/wp-json\/wp\/v2\/media?parent=533"}],"wp:term":[{"taxonomy":"category","embeddable":true,"href":"https:\/\/enghien.ecolo.be\/nl\/wp-json\/wp\/v2\/categories?post=533"},{"taxonomy":"post_tag","embeddable":true,"href":"https:\/\/enghien.ecolo.be\/nl\/wp-json\/wp\/v2\/tags?post=533"}],"curies":[{"name":"wp","href":"https:\/\/api.w.org\/{rel}","templated":true}]}}