{"id":512,"date":"2016-02-26T13:21:52","date_gmt":"2016-02-26T12:21:52","guid":{"rendered":"http:\/\/enghien.ecolo.me\/2016\/02\/26\/fiscalite-moderee-a-enghien\/"},"modified":"2016-12-16T07:34:10","modified_gmt":"2016-12-16T06:34:10","slug":"fiscalite-moderee-a-enghien","status":"publish","type":"post","link":"https:\/\/enghien.ecolo.be\/nl\/2016\/02\/26\/fiscalite-moderee-a-enghien\/","title":{"rendered":"Fiscalit\u00e9 mod\u00e9r\u00e9e \u00e0 Enghien"},"content":{"rendered":"<p class=\"post_excerpt\">Les r\u00e9sultats d&#8217;une r\u00e9cente \u00e9tude comparative r\u00e9alis\u00e9e par Belfius aupr\u00e8s de toutes les communes wallonnes d\u00e9montrent que la pression fiscale se situe \u00e0 Enghien largement en-dessous de la moyenne. Une information qui tranche avec les messages alarmistes que ressasse l\u2019opposition.<\/p>\n<p><!--more--><br \/>\nEn 2013, le Conseil communal a d\u00e9cid\u00e9 d&#8217;augmenter l&#8217;une de ses recettes fiscales : l&#8217;IPP. Ceci s&#8217;explique par des investissements importants r\u00e9alis\u00e9s sur une courte p\u00e9riode \u00e0 l&#8217;\u00e9cole de Marcq, \u00e0 la Maison de repos et \u00e0 la Cr\u00e8che.<\/p>\n<p>La contribution des Enghiennois a donc augment\u00e9 \u00e0 partir de l&#8217;ann\u00e9e 2014. Toutefois, lorsque l&#8217;on additionne l&#8217;ensemble des taxes communales, on se rend compte que les citoyens de notre commune payent en moyenne moins d&#8217;imp\u00f4ts que ceux des autres communes wallonnes .<\/p>\n<p>Le niveau de la pression fiscale (94 par rapport \u00e0 une moyenne de 100) a t\u00e9 qualifi\u00e9 de faible par Belfius pour la Ville d&#8217;Enghien. <\/p>\n<p>Avec une contribution de 1084\u20ac par habitant, notre commune offre  \u00e9norm\u00e9ment de services : notamment un parc public de 180ha avec un patrimoine majeur et de nombreuses animations, un centre sportif avec une piscine r\u00e9cr\u00e9ative et plusieurs halls de sport, une maison de repos de 140 lits et une cr\u00e8che de 54 places. Ceci donne du sens \u00e0 la fiscalit\u00e9  tout en d\u00e9montrant que les gestionnaires communaux parviennent \u00e0 dynamiser notre commune sans pression fiscale excessive&#8230;<\/p>\n","protected":false},"excerpt":{"rendered":"<p>Les r\u00e9sultats d&#8217;une r\u00e9cente \u00e9tude comparative r\u00e9alis\u00e9e par Belfius aupr\u00e8s de toutes les communes wallonnes d\u00e9montrent que la pression fiscale se situe \u00e0 Enghien largement en-dessous de la moyenne. Une information qui tranche avec les messages alarmistes que ressasse l\u2019opposition.<\/p>\n","protected":false},"author":643,"featured_media":511,"comment_status":"closed","ping_status":"open","sticky":false,"template":"","format":"standard","meta":{"_acf_changed":false,"_et_pb_use_builder":"","_et_pb_old_content":"","_et_gb_content_width":"","footnotes":""},"categories":[19],"tags":[],"class_list":["post-512","post","type-post","status-publish","format-standard","has-post-thumbnail","hentry","category-politique"],"acf":[],"_links":{"self":[{"href":"https:\/\/enghien.ecolo.be\/nl\/wp-json\/wp\/v2\/posts\/512","targetHints":{"allow":["GET"]}}],"collection":[{"href":"https:\/\/enghien.ecolo.be\/nl\/wp-json\/wp\/v2\/posts"}],"about":[{"href":"https:\/\/enghien.ecolo.be\/nl\/wp-json\/wp\/v2\/types\/post"}],"author":[{"embeddable":true,"href":"https:\/\/enghien.ecolo.be\/nl\/wp-json\/wp\/v2\/users\/643"}],"replies":[{"embeddable":true,"href":"https:\/\/enghien.ecolo.be\/nl\/wp-json\/wp\/v2\/comments?post=512"}],"version-history":[{"count":1,"href":"https:\/\/enghien.ecolo.be\/nl\/wp-json\/wp\/v2\/posts\/512\/revisions"}],"predecessor-version":[{"id":587,"href":"https:\/\/enghien.ecolo.be\/nl\/wp-json\/wp\/v2\/posts\/512\/revisions\/587"}],"wp:featuredmedia":[{"embeddable":true,"href":"https:\/\/enghien.ecolo.be\/nl\/wp-json\/wp\/v2\/media\/511"}],"wp:attachment":[{"href":"https:\/\/enghien.ecolo.be\/nl\/wp-json\/wp\/v2\/media?parent=512"}],"wp:term":[{"taxonomy":"category","embeddable":true,"href":"https:\/\/enghien.ecolo.be\/nl\/wp-json\/wp\/v2\/categories?post=512"},{"taxonomy":"post_tag","embeddable":true,"href":"https:\/\/enghien.ecolo.be\/nl\/wp-json\/wp\/v2\/tags?post=512"}],"curies":[{"name":"wp","href":"https:\/\/api.w.org\/{rel}","templated":true}]}}