{"id":505,"date":"2016-02-26T13:24:08","date_gmt":"2016-02-26T12:24:08","guid":{"rendered":"http:\/\/enghien.ecolo.me\/2016\/02\/26\/un-deuxieme-marche-a-enghien\/"},"modified":"2016-12-16T07:34:10","modified_gmt":"2016-12-16T06:34:10","slug":"un-deuxieme-marche-a-enghien","status":"publish","type":"post","link":"https:\/\/enghien.ecolo.be\/nl\/2016\/02\/26\/un-deuxieme-marche-a-enghien\/","title":{"rendered":"Un deuxi\u00e8me march\u00e9 \u00e0 Enghien"},"content":{"rendered":"<p class=\"post_excerpt\">Avec l&#8217;arriv\u00e9e du printemps, un nouveau march\u00e9 verra le jour \u00e0 Enghien. Le samedi apr\u00e8s-midi, la place du Vieux March\u00e9 accueillera des commer\u00e7ants ambulants qui proposeront des produits alimentaires et de l&#8217;artisanat. Une place de choix sera r\u00e9serv\u00e9e aux producteurs locaux, mais aussi aux artistes et autres animations festives. <\/p>\n<p><!--more--><br \/>\nIl y a un peu plus d&#8217;un an, le Bourgmestre recevait les commer\u00e7ants ambulants qui se plaignaient \u00e0 l&#8217;\u00e9poque d&#8217;une grosse baisse de fr\u00e9quentation, le mercredi matin, au Vieux March\u00e9. Apr\u00e8s une p\u00e9riode d&#8217;essai et une \u00e9tude command\u00e9e par le Bourgmestre \u00e0 des \u00e9tudiants du Coll\u00e8ge, la d\u00e9cision a \u00e9t\u00e9 prise de rassembler tous les commer\u00e7ants ambulants, le mercredi matin, autour de l&#8217;\u00e9glise.  <\/p>\n<p>Pour faire vivre la place du Vieux March\u00e9 et les commerces qui l&#8217;entourent, mais aussi pour attirer du monde au centre-ville le samedi apr\u00e8s-midi, un deuxi\u00e8me march\u00e9 hebdomadaire sera prochainement organis\u00e9. Il sera centr\u00e9 sur la vente de produits de bouche, notamment des produits issus de producteurs locaux qui se verront r\u00e9server une place privil\u00e9gi\u00e9e. On y trouvera aussi de l&#8217;artisanat. Des animations musicales \u00e9gayeront le march\u00e9 afin d&#8217;en faire un lieu de rendez-vous convivial.<\/p>\n<p>Premi\u00e8re \u00e9dition de ce nouveau march\u00e9 : le 16 avril. <\/p>\n","protected":false},"excerpt":{"rendered":"<p>Avec l&#8217;arriv\u00e9e du printemps, un nouveau march\u00e9 verra le jour \u00e0 Enghien. Le samedi apr\u00e8s-midi, la place du Vieux March\u00e9 accueillera des commer\u00e7ants ambulants qui proposeront des produits alimentaires et de l&#8217;artisanat. Une place de choix sera r\u00e9serv\u00e9e aux producteurs locaux, mais aussi aux artistes et autres animations festives.<\/p>\n","protected":false},"author":643,"featured_media":504,"comment_status":"closed","ping_status":"open","sticky":false,"template":"","format":"standard","meta":{"_acf_changed":false,"_et_pb_use_builder":"","_et_pb_old_content":"","_et_gb_content_width":"","footnotes":""},"categories":[20],"tags":[],"class_list":["post-505","post","type-post","status-publish","format-standard","has-post-thumbnail","hentry","category-economie"],"acf":[],"_links":{"self":[{"href":"https:\/\/enghien.ecolo.be\/nl\/wp-json\/wp\/v2\/posts\/505","targetHints":{"allow":["GET"]}}],"collection":[{"href":"https:\/\/enghien.ecolo.be\/nl\/wp-json\/wp\/v2\/posts"}],"about":[{"href":"https:\/\/enghien.ecolo.be\/nl\/wp-json\/wp\/v2\/types\/post"}],"author":[{"embeddable":true,"href":"https:\/\/enghien.ecolo.be\/nl\/wp-json\/wp\/v2\/users\/643"}],"replies":[{"embeddable":true,"href":"https:\/\/enghien.ecolo.be\/nl\/wp-json\/wp\/v2\/comments?post=505"}],"version-history":[{"count":1,"href":"https:\/\/enghien.ecolo.be\/nl\/wp-json\/wp\/v2\/posts\/505\/revisions"}],"predecessor-version":[{"id":586,"href":"https:\/\/enghien.ecolo.be\/nl\/wp-json\/wp\/v2\/posts\/505\/revisions\/586"}],"wp:featuredmedia":[{"embeddable":true,"href":"https:\/\/enghien.ecolo.be\/nl\/wp-json\/wp\/v2\/media\/504"}],"wp:attachment":[{"href":"https:\/\/enghien.ecolo.be\/nl\/wp-json\/wp\/v2\/media?parent=505"}],"wp:term":[{"taxonomy":"category","embeddable":true,"href":"https:\/\/enghien.ecolo.be\/nl\/wp-json\/wp\/v2\/categories?post=505"},{"taxonomy":"post_tag","embeddable":true,"href":"https:\/\/enghien.ecolo.be\/nl\/wp-json\/wp\/v2\/tags?post=505"}],"curies":[{"name":"wp","href":"https:\/\/api.w.org\/{rel}","templated":true}]}}