{"id":484,"date":"2015-11-09T23:06:00","date_gmt":"2015-11-09T22:06:00","guid":{"rendered":"http:\/\/enghien.ecolo.me\/2015\/11\/09\/chateau-relifte-pour-ses-101-ans\/"},"modified":"2016-12-16T07:34:10","modified_gmt":"2016-12-16T06:34:10","slug":"chateau-relifte-pour-ses-101-ans","status":"publish","type":"post","link":"https:\/\/enghien.ecolo.be\/nl\/2015\/11\/09\/chateau-relifte-pour-ses-101-ans\/","title":{"rendered":"Ch\u00e2teau relift\u00e9 pour ses 101 ans"},"content":{"rendered":"<p class=\"post_excerpt\">Le perron du Ch\u00e2teau a souffert d&#8217;infiltrations d&#8217;eau. Pour son 101\u00e8me anniversaire, il sera compl\u00e8tement remis \u00e0 neuf (voir photos).<\/p>\n<p><!--more--><br \/>\nLe perron situ\u00e9 sur la fa\u00e7ade nord du Ch\u00e2teau \u00e9tait bien mal en point&#8230; Avec les ann\u00e9es et beaucoup d&#8217;infiltrations d&#8217;eau, la plateforme et les escaliers se d\u00e9solidarisaient peu \u00e0 peu du mur de soutien. Pour masquer le malheureux effet visuel, en d\u00e9calage total avec le prestige du b\u00e2timent, des sapins avaient \u00e9t\u00e9 install\u00e9s tout autour du perron.<\/p>\n<p>La Ville a command\u00e9 des travaux de restauration qui rendront au perron son \u00e9l\u00e9gance pass\u00e9e. L\u2019entreprise d\u00e9sign\u00e9e a tout d\u2019abord d\u00e9mont\u00e9 l\u2019\u00e9difice, pierre par pierre, afin d\u2019identifier les \u00e9l\u00e9ments r\u00e9cup\u00e9rables ou non, de les nettoyer et de les restaurer. Les fondations ont ensuite \u00e9t\u00e9 refaites avant de reposer chaque pierre.<\/p>\n<p>Les travaux s\u2019ach\u00e8veront sous peu et le perron sera \u00e0 nouveau accessible au public et aux visiteurs\u2026<\/p>\n<p><img loading=\"lazy\" decoding=\"async\" class=\" alignleft size-full wp-image-482\" src=\"http:\/\/enghien.ecolo.me\/wp-content\/uploads\/sites\/462\/2015\/11\/jpg_IMG_20151022_170944930.jpg\" alt=\"IMG_20151022_170944930.jpg\" align=\"left\" width=\"2560\" height=\"1440\" srcset=\"https:\/\/enghien.ecolo.be\/wp-content\/uploads\/sites\/462\/2015\/11\/jpg_IMG_20151022_170944930.jpg 2048w, https:\/\/enghien.ecolo.be\/wp-content\/uploads\/sites\/462\/2015\/11\/jpg_IMG_20151022_170944930-300x169.jpg 300w, https:\/\/enghien.ecolo.be\/wp-content\/uploads\/sites\/462\/2015\/11\/jpg_IMG_20151022_170944930-768x432.jpg 768w, https:\/\/enghien.ecolo.be\/wp-content\/uploads\/sites\/462\/2015\/11\/jpg_IMG_20151022_170944930-1024x576.jpg 1024w, https:\/\/enghien.ecolo.be\/wp-content\/uploads\/sites\/462\/2015\/11\/jpg_IMG_20151022_170944930-1080x608.jpg 1080w\" sizes=\"(max-width: 2560px) 100vw, 2560px\" \/><\/p>\n<p><img loading=\"lazy\" decoding=\"async\" class=\" alignleft size-full wp-image-483\" src=\"http:\/\/enghien.ecolo.me\/wp-content\/uploads\/sites\/462\/2015\/11\/jpg_IMG_20151022_171016995.jpg\" alt=\"IMG_20151022_171016995.jpg\" align=\"left\" width=\"2560\" height=\"1440\" srcset=\"https:\/\/enghien.ecolo.be\/wp-content\/uploads\/sites\/462\/2015\/11\/jpg_IMG_20151022_171016995.jpg 2048w, https:\/\/enghien.ecolo.be\/wp-content\/uploads\/sites\/462\/2015\/11\/jpg_IMG_20151022_171016995-300x169.jpg 300w, https:\/\/enghien.ecolo.be\/wp-content\/uploads\/sites\/462\/2015\/11\/jpg_IMG_20151022_171016995-768x432.jpg 768w, https:\/\/enghien.ecolo.be\/wp-content\/uploads\/sites\/462\/2015\/11\/jpg_IMG_20151022_171016995-1024x576.jpg 1024w, https:\/\/enghien.ecolo.be\/wp-content\/uploads\/sites\/462\/2015\/11\/jpg_IMG_20151022_171016995-1080x608.jpg 1080w\" sizes=\"(max-width: 2560px) 100vw, 2560px\" \/><\/p>\n","protected":false},"excerpt":{"rendered":"<p>Le perron du Ch\u00e2teau a souffert d&#8217;infiltrations d&#8217;eau. Pour son 101\u00e8me anniversaire, il sera compl\u00e8tement remis \u00e0 neuf (voir photos).<\/p>\n","protected":false},"author":643,"featured_media":481,"comment_status":"closed","ping_status":"open","sticky":false,"template":"","format":"standard","meta":{"_acf_changed":false,"_et_pb_use_builder":"","_et_pb_old_content":"","_et_gb_content_width":"","footnotes":""},"categories":[8],"tags":[],"class_list":["post-484","post","type-post","status-publish","format-standard","has-post-thumbnail","hentry","category-logement-et-patrimoine"],"acf":[],"_links":{"self":[{"href":"https:\/\/enghien.ecolo.be\/nl\/wp-json\/wp\/v2\/posts\/484","targetHints":{"allow":["GET"]}}],"collection":[{"href":"https:\/\/enghien.ecolo.be\/nl\/wp-json\/wp\/v2\/posts"}],"about":[{"href":"https:\/\/enghien.ecolo.be\/nl\/wp-json\/wp\/v2\/types\/post"}],"author":[{"embeddable":true,"href":"https:\/\/enghien.ecolo.be\/nl\/wp-json\/wp\/v2\/users\/643"}],"replies":[{"embeddable":true,"href":"https:\/\/enghien.ecolo.be\/nl\/wp-json\/wp\/v2\/comments?post=484"}],"version-history":[{"count":1,"href":"https:\/\/enghien.ecolo.be\/nl\/wp-json\/wp\/v2\/posts\/484\/revisions"}],"predecessor-version":[{"id":600,"href":"https:\/\/enghien.ecolo.be\/nl\/wp-json\/wp\/v2\/posts\/484\/revisions\/600"}],"wp:featuredmedia":[{"embeddable":true,"href":"https:\/\/enghien.ecolo.be\/nl\/wp-json\/wp\/v2\/media\/481"}],"wp:attachment":[{"href":"https:\/\/enghien.ecolo.be\/nl\/wp-json\/wp\/v2\/media?parent=484"}],"wp:term":[{"taxonomy":"category","embeddable":true,"href":"https:\/\/enghien.ecolo.be\/nl\/wp-json\/wp\/v2\/categories?post=484"},{"taxonomy":"post_tag","embeddable":true,"href":"https:\/\/enghien.ecolo.be\/nl\/wp-json\/wp\/v2\/tags?post=484"}],"curies":[{"name":"wp","href":"https:\/\/api.w.org\/{rel}","templated":true}]}}