{"id":472,"date":"2015-11-12T00:25:02","date_gmt":"2015-11-11T23:25:02","guid":{"rendered":"http:\/\/enghien.ecolo.me\/2015\/11\/12\/quelle-chatastrophe\/"},"modified":"2016-12-16T07:34:10","modified_gmt":"2016-12-16T06:34:10","slug":"quelle-chatastrophe","status":"publish","type":"post","link":"https:\/\/enghien.ecolo.be\/nl\/2015\/11\/12\/quelle-chatastrophe\/","title":{"rendered":"Quelle CHAtastrophe!"},"content":{"rendered":"<p class=\"post_excerpt\">En novembre et d\u00e9cembre, la biblioth\u00e8que d&#8217;Enghien et le Centre culturel vous proposent plusieurs activit\u00e9s en lien avec le splendide album &#8220;Quelle CHAtastrophe&#8221; de Maureen Dor et Charlotte Meert : expo, ateliers cr\u00e9atifs, animations lecture sont de la partie!<\/p>\n<p><!--more--><br \/>\n<img loading=\"lazy\" decoding=\"async\" class=\" aligncenter size-full wp-image-471\" src=\"http:\/\/enghien.ecolo.me\/wp-content\/uploads\/sites\/462\/2015\/11\/jpg_151110_affiche-chatastrophe.jpg\" alt=\"151110_affiche-chatastrophe.jpg\" align=\"center\" width=\"877\" height=\"2480\" \/><br \/>\n<em><br \/>\nUn beau matin, \u00c9mile se r\u00e9veille avec un chat dans la gorge : un vrai matou sans g\u00eane, qui ne compte pas du tout s\u2019en aller, et surtout, qui lui d\u00e9forme certains mots. \u00c9mile ne peut plus prononcer les \u00ab ca \u00bb mais dit les \u00ab cha \u00bb : il ne mange plus du \u00ab caramel \u00bb mais du \u00ab charamel \u00bb. Impossible de se faire comprendre de son entourage !<br \/>\n\u00c9mile et son amie Madeleine vont tout faire pour le d\u00e9loger: \u00ab Tousse, \u00c9mile, tousse! \u00bb Mais le chat est tenace\u2026<\/em><\/p>\n<p>Du 21 novembre au 19 d\u00e9cembre, la biblioth\u00e8que et le centre culturel vous invitent \u00e0 d\u00e9couvrir des planches originales de l&#8217;album &#8220;Quelle CHATastrophe&#8221;. Deux lieux pour plus de planches in\u00e9dites! Vernissage le 19\/11 et s\u00e9ance de d\u00e9dicaces le 20\/11 \u00e0 11h au centre culturel.<\/p>\n<p>Mais ce n&#8217;est pas tout! La biblioth\u00e8que accueillera dans ses murs l&#8217;illustratrice en personne, Charlotte Meert, pour quatre s\u00e9ances d&#8217;ateliers cr\u00e9atifs &#8220;Aquarellons CHATastrophe avec Charlotte&#8221; combin\u00e9s \u00e0 des animations lectures propos\u00e9es par notre biblioth\u00e9caire Nathalie Dujacquier.<\/p>\n<p>Dates\u00a0:<br \/>\n&#8211; Les samedis 21 novembre et 12 d\u00e9cembre  de 14h00 \u00e0 15h30 et de 16h00 \u00e0 17h30<br \/>\n&#8211; Les mercredis 2 et 9 d\u00e9cembre de 16h00 \u00e0 17h30<\/p>\n<p>\u00c2ge\u00a0: de 8 \u00e0 88 ans et plus<\/p>\n<p>Sur r\u00e9servation\u00a0: nombre de places limit\u00e9  \u2013 02\/395.60.88<\/p>\n<p>Co\u00fbt\u00a0: 3 euros<\/p>\n","protected":false},"excerpt":{"rendered":"<p>En novembre et d\u00e9cembre, la biblioth\u00e8que d&#8217;Enghien et le Centre culturel vous proposent plusieurs activit\u00e9s en lien avec le splendide album &#8220;Quelle CHAtastrophe&#8221; de Maureen Dor et Charlotte Meert : expo, ateliers cr\u00e9atifs, animations lecture sont de la partie!<\/p>\n","protected":false},"author":643,"featured_media":470,"comment_status":"closed","ping_status":"open","sticky":false,"template":"","format":"standard","meta":{"_acf_changed":false,"_et_pb_use_builder":"","_et_pb_old_content":"","_et_gb_content_width":"","footnotes":""},"categories":[11],"tags":[],"class_list":["post-472","post","type-post","status-publish","format-standard","has-post-thumbnail","hentry","category-culture"],"acf":[],"_links":{"self":[{"href":"https:\/\/enghien.ecolo.be\/nl\/wp-json\/wp\/v2\/posts\/472","targetHints":{"allow":["GET"]}}],"collection":[{"href":"https:\/\/enghien.ecolo.be\/nl\/wp-json\/wp\/v2\/posts"}],"about":[{"href":"https:\/\/enghien.ecolo.be\/nl\/wp-json\/wp\/v2\/types\/post"}],"author":[{"embeddable":true,"href":"https:\/\/enghien.ecolo.be\/nl\/wp-json\/wp\/v2\/users\/643"}],"replies":[{"embeddable":true,"href":"https:\/\/enghien.ecolo.be\/nl\/wp-json\/wp\/v2\/comments?post=472"}],"version-history":[{"count":1,"href":"https:\/\/enghien.ecolo.be\/nl\/wp-json\/wp\/v2\/posts\/472\/revisions"}],"predecessor-version":[{"id":598,"href":"https:\/\/enghien.ecolo.be\/nl\/wp-json\/wp\/v2\/posts\/472\/revisions\/598"}],"wp:featuredmedia":[{"embeddable":true,"href":"https:\/\/enghien.ecolo.be\/nl\/wp-json\/wp\/v2\/media\/470"}],"wp:attachment":[{"href":"https:\/\/enghien.ecolo.be\/nl\/wp-json\/wp\/v2\/media?parent=472"}],"wp:term":[{"taxonomy":"category","embeddable":true,"href":"https:\/\/enghien.ecolo.be\/nl\/wp-json\/wp\/v2\/categories?post=472"},{"taxonomy":"post_tag","embeddable":true,"href":"https:\/\/enghien.ecolo.be\/nl\/wp-json\/wp\/v2\/tags?post=472"}],"curies":[{"name":"wp","href":"https:\/\/api.w.org\/{rel}","templated":true}]}}