{"id":458,"date":"2015-05-16T14:41:07","date_gmt":"2015-05-16T12:41:07","guid":{"rendered":"http:\/\/enghien.ecolo.me\/2015\/05\/16\/16-5-apero-du-bourgmestre\/"},"modified":"2016-12-16T07:34:11","modified_gmt":"2016-12-16T06:34:11","slug":"16-5-apero-du-bourgmestre","status":"publish","type":"post","link":"https:\/\/enghien.ecolo.be\/nl\/2015\/05\/16\/16-5-apero-du-bourgmestre\/","title":{"rendered":"16\/5 Ap\u00e9ro du bourgmestre"},"content":{"rendered":"<p class=\"post_excerpt\">La locale Ecolo d&#8217;Enghien vous invite de 16h \u00e0 18h30 ce samedi 16 mai aux \u00e9curies du Parc pour l&#8217;ap\u00e9ro du Bourgmestre. Et pour ceux qui le souhaitent, un repas fromage est pr\u00e9vu par la suite.<\/p>\n<p>Bienvenue \u00e0 toutes et tous!\n<\/p>\n<p><!--more--><br \/>\n<img loading=\"lazy\" decoding=\"async\" class=\" alignleft size-full wp-image-457\" src=\"http:\/\/enghien.ecolo.me\/wp-content\/uploads\/sites\/462\/2015\/05\/jpg_apero.jpg\" alt=\"apero.jpg\" align=\"left\" width=\"678\" height=\"960\" srcset=\"https:\/\/enghien.ecolo.be\/wp-content\/uploads\/sites\/462\/2015\/05\/jpg_apero.jpg 678w, https:\/\/enghien.ecolo.be\/wp-content\/uploads\/sites\/462\/2015\/05\/jpg_apero-212x300.jpg 212w\" sizes=\"(max-width: 678px) 100vw, 678px\" \/><\/p>\n","protected":false},"excerpt":{"rendered":"<p>La locale Ecolo d&#8217;Enghien vous invite de 16h \u00e0 18h30 ce samedi 16 mai aux \u00e9curies du Parc pour l&#8217;ap\u00e9ro du Bourgmestre. Et pour ceux qui le souhaitent, un repas fromage est pr\u00e9vu par la suite. Bienvenue \u00e0 toutes et tous!<\/p>\n","protected":false},"author":643,"featured_media":456,"comment_status":"closed","ping_status":"open","sticky":false,"template":"","format":"standard","meta":{"_acf_changed":false,"_et_pb_use_builder":"","_et_pb_old_content":"","_et_gb_content_width":"","footnotes":""},"categories":[20],"tags":[],"class_list":["post-458","post","type-post","status-publish","format-standard","has-post-thumbnail","hentry","category-economie"],"acf":[],"_links":{"self":[{"href":"https:\/\/enghien.ecolo.be\/nl\/wp-json\/wp\/v2\/posts\/458","targetHints":{"allow":["GET"]}}],"collection":[{"href":"https:\/\/enghien.ecolo.be\/nl\/wp-json\/wp\/v2\/posts"}],"about":[{"href":"https:\/\/enghien.ecolo.be\/nl\/wp-json\/wp\/v2\/types\/post"}],"author":[{"embeddable":true,"href":"https:\/\/enghien.ecolo.be\/nl\/wp-json\/wp\/v2\/users\/643"}],"replies":[{"embeddable":true,"href":"https:\/\/enghien.ecolo.be\/nl\/wp-json\/wp\/v2\/comments?post=458"}],"version-history":[{"count":1,"href":"https:\/\/enghien.ecolo.be\/nl\/wp-json\/wp\/v2\/posts\/458\/revisions"}],"predecessor-version":[{"id":610,"href":"https:\/\/enghien.ecolo.be\/nl\/wp-json\/wp\/v2\/posts\/458\/revisions\/610"}],"wp:featuredmedia":[{"embeddable":true,"href":"https:\/\/enghien.ecolo.be\/nl\/wp-json\/wp\/v2\/media\/456"}],"wp:attachment":[{"href":"https:\/\/enghien.ecolo.be\/nl\/wp-json\/wp\/v2\/media?parent=458"}],"wp:term":[{"taxonomy":"category","embeddable":true,"href":"https:\/\/enghien.ecolo.be\/nl\/wp-json\/wp\/v2\/categories?post=458"},{"taxonomy":"post_tag","embeddable":true,"href":"https:\/\/enghien.ecolo.be\/nl\/wp-json\/wp\/v2\/tags?post=458"}],"curies":[{"name":"wp","href":"https:\/\/api.w.org\/{rel}","templated":true}]}}