{"id":441,"date":"2015-01-26T21:39:00","date_gmt":"2015-01-26T20:39:00","guid":{"rendered":"http:\/\/enghien.ecolo.me\/2015\/01\/26\/budget-communal-a-nouveau-a-l\/"},"modified":"2016-12-16T07:34:11","modified_gmt":"2016-12-16T06:34:11","slug":"budget-communal-a-nouveau-a-l","status":"publish","type":"post","link":"https:\/\/enghien.ecolo.be\/nl\/2015\/01\/26\/budget-communal-a-nouveau-a-l\/","title":{"rendered":"Budget communal : \u00e0 nouveau \u00e0 l&#8217;\u00e9quilibre !"},"content":{"rendered":"<p class=\"post_excerpt\">Un budget \u00e0 l&#8217;\u00e9quilibre pour une ville solidaire, conviviale et durable : voil\u00e0 un r\u00e9sultat concret du travail d&#8217;ECOLO. Favoriser les investissements pour la convivialit\u00e9 tout en g\u00e9rant sainement les finances communales, c&#8217;est tout \u00e0 fait possible&#8230; Apr\u00e8s deux ans \u00e0 la t\u00eate de la Ville, nous pouvons \u00e0 nouveau pr\u00e9senter un budget \u00e0 l&#8217;\u00e9quilibre !<\/p>\n<p><!--more--><br \/>\nLes efforts entam\u00e9s par les \u00e9cologistes et leurs partenaires depuis quelques ann\u00e9es portent leurs fruits : l\u2019\u00e9quilibre budg\u00e9taire est \u00e0 nouveau atteint. Le budget 2015 pr\u00e9sente m\u00eame un l\u00e9ger boni de 6.684\u20ac, ce qui n\u2019\u00e9tait plus arriv\u00e9 depuis 2011. Un r\u00e9sultat que nous devons notamment au travail de notre nouvelle \u00e9chevine des finances, B\u00e9n\u00e9dicte Linard. <\/p>\n<ul>\n<li>D\u00e9penses ordinaires : <strong>15.071.479 \u20ac<\/strong>\n<\/li>\n<li>Recettes ordinaires : <strong>15.078.163 \u20ac<\/strong>\n<\/li>\n<li>Boni exercice propre : <strong>6.684 \u20ac<\/strong>\n<\/li>\n<\/ul>\n<p><strong>Ce retour \u00e0 l\u2019\u00e9quilibre s\u2019explique par plusieurs raisons<\/strong> :<\/p>\n<p>\u2022\tDes efforts r\u00e9alis\u00e9s au niveau du budget du CPAS. Les travaux men\u00e9s par la dynamique \u00e9quipe du CPAS au sein de laquelle s&#8217;investissent \u00e9norm\u00e9ment nos deux conseillers de l&#8217;action sociale, Nathalie Vast et Thierry Piraux, ont permis de maitriser l&#8217;explosion des d\u00e9penses observ\u00e9e ces derni\u00e8res ann\u00e9es (l&#8217;intervention communale avait doubl\u00e9 en cinq ans).<\/p>\n<p>\u2022\tDes efforts r\u00e9alis\u00e9s au niveau du budget de Nautisport. Ici aussi, les travaux du conseil d\u2019administration, au sein duquel si\u00e8gent Julie Fontaine et Christophe Medaets, ont permis de mettre le budget en \u00e9quilibre en se limitant \u00e0 une indexation de 2% de l&#8217;intervention communale. <\/p>\n<p>\u2022\tLa maitrise des d\u00e9penses communales. Tant les d\u00e9penses de fonctionnement que celles pour le personnel de l\u2019administration ont \u00e9t\u00e9 ma\u00eetris\u00e9es. Les temps sont durs et les mesures \u00e0 prendre sont parfois difficiles, mais notre objectif a \u00e9t\u00e9 de maintenir l\u2019emploi au sein de notre administration et de maintenir la qualit\u00e9 des services aux Enghiennois.<\/p>\n<p>Outre les choix politiques, il faut souligner le tr\u00e8s bon travail des services financiers de la Ville qui ont redoubl\u00e9 d&#8217;efforts et d&#8217;ing\u00e9niosit\u00e9 pour permettre de pr\u00e9senter ce budget \u00e0 l&#8217;\u00e9quilibre. La dette de la Ville est bien ma\u00eetris\u00e9e n&#8217;hypoth\u00e9quant pas l&#8217;avenir de notre commune. Profitant de taux d\u2019int\u00e9r\u00eats particuli\u00e8rement bas, quelques emprunts ont \u00e9t\u00e9 r\u00e9\u00e9chelonn\u00e9s. Enfin, aucune nouvelle taxe n&#8217;a \u00e9t\u00e9 lev\u00e9e.<\/p>\n<p><strong>Des incertitudes pour l&#8217;avenir&#8230;<\/strong><\/p>\n<p>Certaines mesures ont \u00e9t\u00e9 prises ces derni\u00e8res ann\u00e9es par les autorit\u00e9s r\u00e9gionales et f\u00e9d\u00e9rales impactant directement les communes comme par exemple la limitation des allocations d\u2019insertion renvoyant bon nombre d\u2019Enghiennois vers le CPAS ou la r\u00e9duction, voire la suppression, de certains subsides (projet Biodibap par exemple). \u00c7a n&#8217;a l&#8217;air de rien, mais la diminution ou la disparition de ces subsides sont autant de possibilit\u00e9s en moins de mener \u00e0 bien des projets dans notre Ville.<\/p>\n<p>Ces diminutions risquent de ne pas s\u2019arr\u00eater l\u00e0. Les gouvernements r\u00e9gional et f\u00e9d\u00e9ral \u00e9lus lors des derni\u00e8res \u00e9lections r\u00e9fl\u00e9chissent encore \u00e0 d\u2019autres mesures qui pourraient aller dans le m\u00eame sens. En tant qu&#8217;\u00e9cologistes, nous ne pouvons plus accepter que les autorit\u00e9s sup\u00e9rieures prennent des mesures qui touchent les communes si le financement pour les r\u00e9aliser n&#8217;est pas pr\u00e9vu en m\u00eame temps.<\/p>\n<p><em>Le d\u00e9tail en tableaux et graphiques dans le document ci-joint.<\/em><\/p>\n","protected":false},"excerpt":{"rendered":"<p>Un budget \u00e0 l&#8217;\u00e9quilibre pour une ville solidaire, conviviale et durable : voil\u00e0 un r\u00e9sultat concret du travail d&#8217;ECOLO. Favoriser les investissements pour la convivialit\u00e9 tout en g\u00e9rant sainement les finances communales, c&#8217;est tout \u00e0 fait possible&#8230; Apr\u00e8s deux ans \u00e0 la t\u00eate de la Ville, nous pouvons \u00e0 nouveau pr\u00e9senter un budget \u00e0 l&#8217;\u00e9quilibre &hellip;<\/p>\n","protected":false},"author":643,"featured_media":440,"comment_status":"closed","ping_status":"open","sticky":false,"template":"","format":"standard","meta":{"_acf_changed":false,"_et_pb_use_builder":"","_et_pb_old_content":"","_et_gb_content_width":"","footnotes":""},"categories":[20],"tags":[],"class_list":["post-441","post","type-post","status-publish","format-standard","has-post-thumbnail","hentry","category-economie"],"acf":[],"_links":{"self":[{"href":"https:\/\/enghien.ecolo.be\/nl\/wp-json\/wp\/v2\/posts\/441","targetHints":{"allow":["GET"]}}],"collection":[{"href":"https:\/\/enghien.ecolo.be\/nl\/wp-json\/wp\/v2\/posts"}],"about":[{"href":"https:\/\/enghien.ecolo.be\/nl\/wp-json\/wp\/v2\/types\/post"}],"author":[{"embeddable":true,"href":"https:\/\/enghien.ecolo.be\/nl\/wp-json\/wp\/v2\/users\/643"}],"replies":[{"embeddable":true,"href":"https:\/\/enghien.ecolo.be\/nl\/wp-json\/wp\/v2\/comments?post=441"}],"version-history":[{"count":1,"href":"https:\/\/enghien.ecolo.be\/nl\/wp-json\/wp\/v2\/posts\/441\/revisions"}],"predecessor-version":[{"id":615,"href":"https:\/\/enghien.ecolo.be\/nl\/wp-json\/wp\/v2\/posts\/441\/revisions\/615"}],"wp:featuredmedia":[{"embeddable":true,"href":"https:\/\/enghien.ecolo.be\/nl\/wp-json\/wp\/v2\/media\/440"}],"wp:attachment":[{"href":"https:\/\/enghien.ecolo.be\/nl\/wp-json\/wp\/v2\/media?parent=441"}],"wp:term":[{"taxonomy":"category","embeddable":true,"href":"https:\/\/enghien.ecolo.be\/nl\/wp-json\/wp\/v2\/categories?post=441"},{"taxonomy":"post_tag","embeddable":true,"href":"https:\/\/enghien.ecolo.be\/nl\/wp-json\/wp\/v2\/tags?post=441"}],"curies":[{"name":"wp","href":"https:\/\/api.w.org\/{rel}","templated":true}]}}