{"id":439,"date":"2014-11-27T07:18:00","date_gmt":"2014-11-27T06:18:00","guid":{"rendered":"http:\/\/enghien.ecolo.me\/2014\/11\/27\/situation-financiere-les-communes\/"},"modified":"2016-12-16T07:34:11","modified_gmt":"2016-12-16T06:34:11","slug":"situation-financiere-les-communes","status":"publish","type":"post","link":"https:\/\/enghien.ecolo.be\/nl\/2014\/11\/27\/situation-financiere-les-communes\/","title":{"rendered":"Situation financi\u00e8re : les communes en danger"},"content":{"rendered":"<p class=\"post_excerpt\">L&#8217;Union des Villes et Communes de Wallonie (UVCW) a analys\u00e9 l&#8217;accord du Gouvernement f\u00e9d\u00e9ral et chiffr\u00e9 l&#8217;impact pour les communes des mesures qu&#8217;il contient. En reportant sur les pouvoirs locaux des charges li\u00e9es \u00e0 l&#8217;exclusion des ch\u00f4meurs ou aux frais de pensions, le f\u00e9d\u00e9ral met la situation financi\u00e8re des communes en danger.<\/p>\n<p><!--more--><br \/>\nDans un communiqu\u00e9 de presse titr\u00e9 &#8220;Le F\u00e9d\u00e9ral inflige une nouvelle saign\u00e9e financi\u00e8re aux municipalistes&#8221;, l&#8217;UVCW stigmatise notamment &#8220;le risque accru de transfert de charges du F\u00e9d\u00e9ral vers les CPAS, et donc vers les communes, en ce qui concerne les exclusions du ch\u00f4mage ou encore les exclusions de l\u2019assurance maladie invalidit\u00e9&#8221;, dont l&#8217;impact financier a \u00e9t\u00e9 chiffr\u00e9 \u00e0 pr\u00e8s de 100 millions \u20ac. Ce &#8220;transfert de pauvret\u00e9&#8221; d\u00e9cid\u00e9 par le gouvernement Di Rupo et amplifi\u00e9 par le gouvernement Michel Ier minera directement les communes, &#8220;dernier rempart local contre l\u2019exclusion sociale&#8221;. <\/p>\n<p>A Enghien, des efforts importants ont \u00e9t\u00e9 r\u00e9alis\u00e9s pour ramener le budget \u00e0 l&#8217;\u00e9quilibre. La derni\u00e8re modification budg\u00e9taire de 2014, adopt\u00e9e par le Conseil communal du 6 novembre, ram\u00e8ne le d\u00e9ficit pr\u00e9visible \u00e0 quelques 20.000\u20ac, alors que le budget 2015 qui sera pr\u00e9sent\u00e9 au Conseil communal du mois de d\u00e9cembre d\u00e9gagerait m\u00eame un l\u00e9ger boni.<\/p>\n<p>La situation serait-elle donc enviable dans notre commune ? Pas du tout ! En effet, le f\u00e9d\u00e9ral qui per\u00e7oit les imp\u00f4ts sur les personnes physiques (IPP) et sur le pr\u00e9compte immobilier (IPI), ristourne avec un tr\u00e8s grand retard la part qui revient aux communes. Actuellement et pour cette raison, le d\u00e9ficit de tr\u00e9sorerie de la Ville d&#8217;Enghien d\u00e9passe le million d&#8217;euros. Il a donc fallu faire un emprunt (et payer des int\u00e9r\u00eats aux banques !) pour trouver des moyens de payement en compensation des retards de l&#8217;administration f\u00e9d\u00e9rale. <\/p>\n<p>S&#8217;ajoutent \u00e0 cela, toutes les d\u00e9cisions qui d\u00e9buteront au 1er janvier 2015 concernant les exclusions du ch\u00f4mage, la r\u00e9forme des pensions mais aussi les mesures d&#8217;aust\u00e9rit\u00e9 d\u00e9cid\u00e9es par l&#8217;actuel Gouvernement wallon. Diminution de subsides, r\u00e9vision des mesures de soutien \u00e0 l&#8217;emploi dont les points APE, r\u00e9vision des r\u00e8gles de promotion dans la fonction publique&#8230;<\/p>\n<p>Bref, les communes sont fortement mises \u00e0 contribution pour combler les d\u00e9ficits budg\u00e9taires des niveaux sup\u00e9rieurs. Ce qui est dramatique d&#8217;un point de vue financier, mais qui le sera certainement encore plus au niveau humain, &#8230;<\/p>\n<p>A suivre donc&#8230;<\/p>\n","protected":false},"excerpt":{"rendered":"<p>L&#8217;Union des Villes et Communes de Wallonie (UVCW) a analys\u00e9 l&#8217;accord du Gouvernement f\u00e9d\u00e9ral et chiffr\u00e9 l&#8217;impact pour les communes des mesures qu&#8217;il contient. En reportant sur les pouvoirs locaux des charges li\u00e9es \u00e0 l&#8217;exclusion des ch\u00f4meurs ou aux frais de pensions, le f\u00e9d\u00e9ral met la situation financi\u00e8re des communes en danger.<\/p>\n","protected":false},"author":643,"featured_media":0,"comment_status":"closed","ping_status":"open","sticky":false,"template":"","format":"standard","meta":{"_acf_changed":false,"_et_pb_use_builder":"","_et_pb_old_content":"","_et_gb_content_width":"","footnotes":""},"categories":[20],"tags":[],"class_list":["post-439","post","type-post","status-publish","format-standard","hentry","category-economie"],"acf":[],"_links":{"self":[{"href":"https:\/\/enghien.ecolo.be\/nl\/wp-json\/wp\/v2\/posts\/439","targetHints":{"allow":["GET"]}}],"collection":[{"href":"https:\/\/enghien.ecolo.be\/nl\/wp-json\/wp\/v2\/posts"}],"about":[{"href":"https:\/\/enghien.ecolo.be\/nl\/wp-json\/wp\/v2\/types\/post"}],"author":[{"embeddable":true,"href":"https:\/\/enghien.ecolo.be\/nl\/wp-json\/wp\/v2\/users\/643"}],"replies":[{"embeddable":true,"href":"https:\/\/enghien.ecolo.be\/nl\/wp-json\/wp\/v2\/comments?post=439"}],"version-history":[{"count":1,"href":"https:\/\/enghien.ecolo.be\/nl\/wp-json\/wp\/v2\/posts\/439\/revisions"}],"predecessor-version":[{"id":623,"href":"https:\/\/enghien.ecolo.be\/nl\/wp-json\/wp\/v2\/posts\/439\/revisions\/623"}],"wp:attachment":[{"href":"https:\/\/enghien.ecolo.be\/nl\/wp-json\/wp\/v2\/media?parent=439"}],"wp:term":[{"taxonomy":"category","embeddable":true,"href":"https:\/\/enghien.ecolo.be\/nl\/wp-json\/wp\/v2\/categories?post=439"},{"taxonomy":"post_tag","embeddable":true,"href":"https:\/\/enghien.ecolo.be\/nl\/wp-json\/wp\/v2\/tags?post=439"}],"curies":[{"name":"wp","href":"https:\/\/api.w.org\/{rel}","templated":true}]}}