{"id":437,"date":"2014-11-27T16:46:29","date_gmt":"2014-11-27T15:46:29","guid":{"rendered":"http:\/\/enghien.ecolo.me\/2014\/11\/27\/developpement-local-enghien\/"},"modified":"2016-12-16T07:34:11","modified_gmt":"2016-12-16T06:34:11","slug":"developpement-local-enghien","status":"publish","type":"post","link":"https:\/\/enghien.ecolo.be\/nl\/2014\/11\/27\/developpement-local-enghien\/","title":{"rendered":"D\u00e9veloppement local : Enghien dessine son avenir"},"content":{"rendered":"<p class=\"post_excerpt\">Lors du Conseil communal de septembre, IDETA a pr\u00e9sent\u00e9 les grandes lignes d&#8217;un master plan qui donne des perspectives pour le d\u00e9veloppement urbanistique, touristique et commercial de la ville d&#8217;Enghien. Ce plan pr\u00e9voit le r\u00e9am\u00e9nagement des diff\u00e9rents p\u00f4les du centre urbain (Grand Place, Vieux March\u00e9, gare, Petit Parc, Dodane, &#8230;) avec une qualit\u00e9 urbanistique renforc\u00e9e et des &#8220;coul\u00e9es vertes&#8221; pour la mobilit\u00e9 douce.<\/p>\n<p><!--more--><br \/>\nNicolas Plouvier, directeur de la valorisation du territoire au sein de l&#8217;intercommunale IDETA, a pr\u00e9sent\u00e9 aux conseillers communaux le &#8220;plan qualit\u00e9 p\u00f4le touristique&#8221; r\u00e9alis\u00e9 pour la Ville d&#8217;Enghien. Il s&#8217;agit d&#8217;une vaste r\u00e9flexion, abondamment illustr\u00e9e de plans et croquis, qui ouvre la r\u00e9flexion et dessine les contours de la ville de demain. <\/p>\n<p>Jug\u00e9 utopique depuis les bancs de l&#8217;opposition, ce plan a n\u00e9anmoins \u00e9t\u00e9 bien re\u00e7u par le Conseil communal. Le Bourgmestre et son \u00e9quipe consid\u00e8rent ce document comme une feuille de route qui permettra d&#8217;orienter et de planifier les futurs investissements. D\u00e8s \u00e0 pr\u00e9sent, la Ville a pr\u00e9vu des cr\u00e9dits budg\u00e9taires pour des travaux \u00e0 la rue Montgomery et \u00e0 la place du Vieux March\u00e9. Un bureau d&#8217;\u00e9tude sera d\u00e9sign\u00e9 prochainement pour aider les autorit\u00e9s \u00e0 concr\u00e9tiser leurs projets. <\/p>\n","protected":false},"excerpt":{"rendered":"<p>Lors du Conseil communal de septembre, IDETA a pr\u00e9sent\u00e9 les grandes lignes d&#8217;un master plan qui donne des perspectives pour le d\u00e9veloppement urbanistique, touristique et commercial de la ville d&#8217;Enghien. Ce plan pr\u00e9voit le r\u00e9am\u00e9nagement des diff\u00e9rents p\u00f4les du centre urbain (Grand Place, Vieux March\u00e9, gare, Petit Parc, Dodane, &#8230;) avec une qualit\u00e9 urbanistique renforc\u00e9e &hellip;<\/p>\n","protected":false},"author":643,"featured_media":436,"comment_status":"closed","ping_status":"open","sticky":false,"template":"","format":"standard","meta":{"_acf_changed":false,"_et_pb_use_builder":"","_et_pb_old_content":"","_et_gb_content_width":"","footnotes":""},"categories":[20],"tags":[],"class_list":["post-437","post","type-post","status-publish","format-standard","has-post-thumbnail","hentry","category-economie"],"acf":[],"_links":{"self":[{"href":"https:\/\/enghien.ecolo.be\/nl\/wp-json\/wp\/v2\/posts\/437","targetHints":{"allow":["GET"]}}],"collection":[{"href":"https:\/\/enghien.ecolo.be\/nl\/wp-json\/wp\/v2\/posts"}],"about":[{"href":"https:\/\/enghien.ecolo.be\/nl\/wp-json\/wp\/v2\/types\/post"}],"author":[{"embeddable":true,"href":"https:\/\/enghien.ecolo.be\/nl\/wp-json\/wp\/v2\/users\/643"}],"replies":[{"embeddable":true,"href":"https:\/\/enghien.ecolo.be\/nl\/wp-json\/wp\/v2\/comments?post=437"}],"version-history":[{"count":1,"href":"https:\/\/enghien.ecolo.be\/nl\/wp-json\/wp\/v2\/posts\/437\/revisions"}],"predecessor-version":[{"id":621,"href":"https:\/\/enghien.ecolo.be\/nl\/wp-json\/wp\/v2\/posts\/437\/revisions\/621"}],"wp:featuredmedia":[{"embeddable":true,"href":"https:\/\/enghien.ecolo.be\/nl\/wp-json\/wp\/v2\/media\/436"}],"wp:attachment":[{"href":"https:\/\/enghien.ecolo.be\/nl\/wp-json\/wp\/v2\/media?parent=437"}],"wp:term":[{"taxonomy":"category","embeddable":true,"href":"https:\/\/enghien.ecolo.be\/nl\/wp-json\/wp\/v2\/categories?post=437"},{"taxonomy":"post_tag","embeddable":true,"href":"https:\/\/enghien.ecolo.be\/nl\/wp-json\/wp\/v2\/tags?post=437"}],"curies":[{"name":"wp","href":"https:\/\/api.w.org\/{rel}","templated":true}]}}