{"id":433,"date":"2014-11-27T09:58:35","date_gmt":"2014-11-27T08:58:35","guid":{"rendered":"http:\/\/enghien.ecolo.me\/2014\/11\/27\/notre-chateau-a-100-ans\/"},"modified":"2016-12-16T07:34:11","modified_gmt":"2016-12-16T06:34:11","slug":"notre-chateau-a-100-ans","status":"publish","type":"post","link":"https:\/\/enghien.ecolo.be\/nl\/2014\/11\/27\/notre-chateau-a-100-ans\/","title":{"rendered":"Notre ch\u00e2teau a 100 ans!"},"content":{"rendered":"<p class=\"post_excerpt\">Pour Enghien, l&#8217;ann\u00e9e 1914 ne rappelle pas seulement le d\u00e9but de la grande guerre mais aussi la fin de la construction du ch\u00e2teau Empain. En ce d\u00e9but d&#8217;hiver, nous f\u00eatons le centenaire de cette demeure avec une exposition r\u00e9trospective qui raconte non seulement l&#8217;histoire et la vie au ch\u00e2teau, mais qui nous parle aussi de la famille Empain, ces industriels  qui ont particip\u00e9 \u00e0 l&#8217;essor \u00e9conomique de notre pays au d\u00e9but du XX\u00e8me si\u00e8cle.<\/p>\n<p><!--more--><br \/>\nEn 1914, alors que l&#8217;Europe glisse petit \u00e0 petit vers des ann\u00e9es sombres, \u00e0 Enghien, le baron Empain, futur propri\u00e9taire du Parc appartenant jusque l\u00e0 \u00e0 la famille d&#8217;Arenberg, s&#8217;est engag\u00e9 \u00e0 construire un ch\u00e2teau dans le domaine. D\u00e9but\u00e9s en 1913 mais finalis\u00e9s en 1914, les travaux aboutissent \u00e0 cette majestueuse demeure faisant aujourd&#8217;hui partie du patrimoine de notre ville. <\/p>\n<p>Pour f\u00eater ce centenaire, la Ville d&#8217;Enghien organise une exposition temporaire sur la construction du ch\u00e2teau et ses occupants. Le Baron Fran\u00e7ois Empain, industriel de renomm\u00e9e mondiale fit confiance \u00e0 l&#8217;architecte Alexandre Marcel pour \u00e9riger le ch\u00e2teau tel que nous le connaissons aujourd&#8217;hui.<\/p>\n<p>Outre la &#8220;vie du et au ch\u00e2teau&#8221;, cette exposition nous relate aussi l&#8217;action incroyable de la famille Empain dans le rayonnement \u00e9conomique de la Belgique \u00e0 travers le monde et, notamment, dans la construction de la nouvelle cit\u00e9 d&#8217;H\u00e9liopolis en Egypte.<\/p>\n<p>L&#8217;exposition est ouverte du 22 novembre au 28 d\u00e9cembre. Ce sera l&#8217;occasion d&#8217;une d\u00e9couverte pour les uns ou celle d&#8217;un \u00e9largissement des connaissances, pour d&#8217;autres. <\/p>\n<p>Mais, quelle que soit votre situation, notez ce petit conseil : <strong>ne vous privez pas d&#8217;une visite guid\u00e9e qui apporte un \u00e9clairage vraiment int\u00e9ressant sur les diff\u00e9rents aspects de la visite ! <\/strong><br \/>\nNos guides enghiennois se feront un plaisir de vous raconter avec passion la vie du ch\u00e2teau et des ses habitants. Les visites guid\u00e9es ont lieu tous les dimanches \u00e0 14h30. Des animations sp\u00e9cifiques sont aussi pr\u00e9vues pour les \u00e9coles.<\/p>\n<p><img loading=\"lazy\" decoding=\"async\" class=\" alignleft size-full wp-image-432\" src=\"http:\/\/enghien.ecolo.me\/wp-content\/uploads\/sites\/462\/2014\/11\/jpg_expo_chateau_100_ans.jpg\" alt=\"expo_chateau_100_ans.jpg\" align=\"left\" width=\"427\" height=\"600\" srcset=\"https:\/\/enghien.ecolo.be\/wp-content\/uploads\/sites\/462\/2014\/11\/jpg_expo_chateau_100_ans.jpg 427w, https:\/\/enghien.ecolo.be\/wp-content\/uploads\/sites\/462\/2014\/11\/jpg_expo_chateau_100_ans-214x300.jpg 214w\" sizes=\"(max-width: 427px) 100vw, 427px\" \/><\/p>\n","protected":false},"excerpt":{"rendered":"<p>Pour Enghien, l&#8217;ann\u00e9e 1914 ne rappelle pas seulement le d\u00e9but de la grande guerre mais aussi la fin de la construction du ch\u00e2teau Empain. En ce d\u00e9but d&#8217;hiver, nous f\u00eatons le centenaire de cette demeure avec une exposition r\u00e9trospective qui raconte non seulement l&#8217;histoire et la vie au ch\u00e2teau, mais qui nous parle aussi de &hellip;<\/p>\n","protected":false},"author":643,"featured_media":431,"comment_status":"closed","ping_status":"open","sticky":false,"template":"","format":"standard","meta":{"_acf_changed":false,"_et_pb_use_builder":"","_et_pb_old_content":"","_et_gb_content_width":"","footnotes":""},"categories":[11],"tags":[],"class_list":["post-433","post","type-post","status-publish","format-standard","has-post-thumbnail","hentry","category-culture"],"acf":[],"_links":{"self":[{"href":"https:\/\/enghien.ecolo.be\/nl\/wp-json\/wp\/v2\/posts\/433","targetHints":{"allow":["GET"]}}],"collection":[{"href":"https:\/\/enghien.ecolo.be\/nl\/wp-json\/wp\/v2\/posts"}],"about":[{"href":"https:\/\/enghien.ecolo.be\/nl\/wp-json\/wp\/v2\/types\/post"}],"author":[{"embeddable":true,"href":"https:\/\/enghien.ecolo.be\/nl\/wp-json\/wp\/v2\/users\/643"}],"replies":[{"embeddable":true,"href":"https:\/\/enghien.ecolo.be\/nl\/wp-json\/wp\/v2\/comments?post=433"}],"version-history":[{"count":1,"href":"https:\/\/enghien.ecolo.be\/nl\/wp-json\/wp\/v2\/posts\/433\/revisions"}],"predecessor-version":[{"id":622,"href":"https:\/\/enghien.ecolo.be\/nl\/wp-json\/wp\/v2\/posts\/433\/revisions\/622"}],"wp:featuredmedia":[{"embeddable":true,"href":"https:\/\/enghien.ecolo.be\/nl\/wp-json\/wp\/v2\/media\/431"}],"wp:attachment":[{"href":"https:\/\/enghien.ecolo.be\/nl\/wp-json\/wp\/v2\/media?parent=433"}],"wp:term":[{"taxonomy":"category","embeddable":true,"href":"https:\/\/enghien.ecolo.be\/nl\/wp-json\/wp\/v2\/categories?post=433"},{"taxonomy":"post_tag","embeddable":true,"href":"https:\/\/enghien.ecolo.be\/nl\/wp-json\/wp\/v2\/tags?post=433"}],"curies":[{"name":"wp","href":"https:\/\/api.w.org\/{rel}","templated":true}]}}