{"id":423,"date":"2014-10-23T13:58:00","date_gmt":"2014-10-23T11:58:00","guid":{"rendered":"http:\/\/enghien.ecolo.me\/2014\/10\/23\/centre-culturel-donnez-votre-avis\/"},"modified":"2016-12-16T07:34:11","modified_gmt":"2016-12-16T06:34:11","slug":"centre-culturel-donnez-votre-avis","status":"publish","type":"post","link":"https:\/\/enghien.ecolo.be\/nl\/2014\/10\/23\/centre-culturel-donnez-votre-avis\/","title":{"rendered":"Centre culturel : donnez votre avis!"},"content":{"rendered":"<p class=\"post_excerpt\">Envie de donner votre avis sur les activit\u00e9s organis\u00e9es par notre Centre culturel ? Envie de faire part des vos attentes, de vos envies ? N&#8217;h\u00e9sitez pas \u00e0 r\u00e9pondre \u00e0 l&#8217;enqu\u00eate du Centre culturel !<\/p>\n<p><!--more--><br \/>\nLe d\u00e9cret de 2013 sur les centres culturels pr\u00e9voit que la population puisse \u00e9mettre un avis sur la gestion de l&#8217;action culturelle mise en place dans les communes.<\/p>\n<p>Pour ce faire, le Centre culturel d&#8217;Enghien a r\u00e9alis\u00e9 un questionnaire en ligne. N&#8217;h\u00e9sitez pas \u00e0 vous rendre sur leur site, cela ne vous prendra que quelques minutes et nous aidera \u00e0 mieux cerner vos attentes !<\/p>\n<p>http:\/\/www.ccenghien.com\/enqu%C3%AAte-la-culture-%C3%A0-enghien\/<\/p>\n","protected":false},"excerpt":{"rendered":"<p>Envie de donner votre avis sur les activit\u00e9s organis\u00e9es par notre Centre culturel ? Envie de faire part des vos attentes, de vos envies ? N&#8217;h\u00e9sitez pas \u00e0 r\u00e9pondre \u00e0 l&#8217;enqu\u00eate du Centre culturel !<\/p>\n","protected":false},"author":643,"featured_media":422,"comment_status":"closed","ping_status":"open","sticky":false,"template":"","format":"standard","meta":{"_acf_changed":false,"_et_pb_use_builder":"","_et_pb_old_content":"","_et_gb_content_width":"","footnotes":""},"categories":[11],"tags":[],"class_list":["post-423","post","type-post","status-publish","format-standard","has-post-thumbnail","hentry","category-culture"],"acf":[],"_links":{"self":[{"href":"https:\/\/enghien.ecolo.be\/nl\/wp-json\/wp\/v2\/posts\/423","targetHints":{"allow":["GET"]}}],"collection":[{"href":"https:\/\/enghien.ecolo.be\/nl\/wp-json\/wp\/v2\/posts"}],"about":[{"href":"https:\/\/enghien.ecolo.be\/nl\/wp-json\/wp\/v2\/types\/post"}],"author":[{"embeddable":true,"href":"https:\/\/enghien.ecolo.be\/nl\/wp-json\/wp\/v2\/users\/643"}],"replies":[{"embeddable":true,"href":"https:\/\/enghien.ecolo.be\/nl\/wp-json\/wp\/v2\/comments?post=423"}],"version-history":[{"count":1,"href":"https:\/\/enghien.ecolo.be\/nl\/wp-json\/wp\/v2\/posts\/423\/revisions"}],"predecessor-version":[{"id":631,"href":"https:\/\/enghien.ecolo.be\/nl\/wp-json\/wp\/v2\/posts\/423\/revisions\/631"}],"wp:featuredmedia":[{"embeddable":true,"href":"https:\/\/enghien.ecolo.be\/nl\/wp-json\/wp\/v2\/media\/422"}],"wp:attachment":[{"href":"https:\/\/enghien.ecolo.be\/nl\/wp-json\/wp\/v2\/media?parent=423"}],"wp:term":[{"taxonomy":"category","embeddable":true,"href":"https:\/\/enghien.ecolo.be\/nl\/wp-json\/wp\/v2\/categories?post=423"},{"taxonomy":"post_tag","embeddable":true,"href":"https:\/\/enghien.ecolo.be\/nl\/wp-json\/wp\/v2\/tags?post=423"}],"curies":[{"name":"wp","href":"https:\/\/api.w.org\/{rel}","templated":true}]}}