{"id":417,"date":"2014-10-27T13:59:00","date_gmt":"2014-10-27T12:59:00","guid":{"rendered":"http:\/\/enghien.ecolo.me\/2014\/10\/27\/jardin-partage-et-bien-commun\/"},"modified":"2016-12-16T07:34:11","modified_gmt":"2016-12-16T06:34:11","slug":"jardin-partage-et-bien-commun","status":"publish","type":"post","link":"https:\/\/enghien.ecolo.be\/nl\/2014\/10\/27\/jardin-partage-et-bien-commun\/","title":{"rendered":"Jardin partag\u00e9 et bien commun"},"content":{"rendered":"<p class=\"post_excerpt\">Depuis le printemps, une partie du jardin de la maison Jonathas est g\u00e9r\u00e9e de mani\u00e8re collective. Un tel &#8220;jardin partag\u00e9&#8221; nous invite \u00e0 r\u00e9fl\u00e9chir au sens du bien commun et \u00e0 envisager d&#8217;autres initiatives similaires.<\/p>\n<p><!--more--><br \/>\nLe bien commun est un concept qui se d\u00e9finit par ce qui est accessible \u00e0 tous, soit dans le domaine des connaissances (logiciels informatiques libres, &#8230;), soit dans le domaine de l&#8217;\u00e9conomie (l&#8217;air, l&#8217;eau, le patrimoine g\u00e9n\u00e9tique, &#8230;). Dans une soci\u00e9t\u00e9 o\u00f9 tout se monnaie, l&#8217;id\u00e9e du bien commun est un aiguillon qui nous questionne sur la valeur des choses et nous invite \u00e0 inventer des alternatives au capitalisme. <\/p>\n<p>A l&#8217;heure o\u00f9 les grandes soci\u00e9t\u00e9s commerciales luttent pour \u00eatre autoris\u00e9es \u00e0 breveter des \u00e9l\u00e9ments du vivant g\u00e9n\u00e9ralement consid\u00e9r\u00e9s comme bien commun (g\u00e8nes, semences agricoles, &#8230;), ce d\u00e9bat prend toute son actualit\u00e9. <\/p>\n<p>A Enghien, c&#8217;est du cercle horticole qu&#8217;a \u00e9man\u00e9 la premi\u00e8re initiative significative en la mati\u00e8re. Un coin du jardin de la maison Jonathas a \u00e9t\u00e9 am\u00e9nag\u00e9 en potager. Un potager dont nous sommes tous les jardiniers potentiels, tant pour arroser et sarcler que pour r\u00e9colter les l\u00e9gumes.<\/p>\n<p>Si le principe devait se g\u00e9n\u00e9raliser, la concurrence serait certes d\u00e9loyale par rapport aux producteurs et aux commerces qui vivent de la vente des l\u00e9gumes. Ses objectifs se situent toutefois ailleurs : r\u00e9concilier et r\u00e9habituer les gens aux gestes du jardinage, leur r\u00e9apprendre \u00e0 connaitre et appr\u00e9cier les l\u00e9gumes de saison, remettre le collectif au coeur des relations humaines.<\/p>\n<p>Le d\u00e9bat est ouvert : livrez-nous vos questions et commentaires sur &#x65;&#99;&#x6f;&#x6c;o&#x2e;&#101;n&#x67;&#104;i&#x65;&#110;&#x40;&#x67;m&#x61;&#105;l&#x2e;&#99;o&#x6d; ou alimentez le d\u00e9bat sur la page Facebook &#8220;Enghien vert de toi&#8221;.<\/p>\n<p><img loading=\"lazy\" decoding=\"async\" class=\" alignleft size-full wp-image-416\" src=\"http:\/\/enghien.ecolo.me\/wp-content\/uploads\/sites\/462\/2014\/10\/jpg_Jardin_partage_2_.jpg\" alt=\"Jardin_partage_2_.jpg\" align=\"left\" width=\"700\" height=\"700\" srcset=\"https:\/\/enghien.ecolo.be\/wp-content\/uploads\/sites\/462\/2014\/10\/jpg_Jardin_partage_2_.jpg 700w, https:\/\/enghien.ecolo.be\/wp-content\/uploads\/sites\/462\/2014\/10\/jpg_Jardin_partage_2_-150x150.jpg 150w, https:\/\/enghien.ecolo.be\/wp-content\/uploads\/sites\/462\/2014\/10\/jpg_Jardin_partage_2_-300x300.jpg 300w\" sizes=\"(max-width: 700px) 100vw, 700px\" \/><\/p>\n","protected":false},"excerpt":{"rendered":"<p>Depuis le printemps, une partie du jardin de la maison Jonathas est g\u00e9r\u00e9e de mani\u00e8re collective. Un tel &#8220;jardin partag\u00e9&#8221; nous invite \u00e0 r\u00e9fl\u00e9chir au sens du bien commun et \u00e0 envisager d&#8217;autres initiatives similaires.<\/p>\n","protected":false},"author":643,"featured_media":415,"comment_status":"closed","ping_status":"open","sticky":false,"template":"","format":"standard","meta":{"_acf_changed":false,"_et_pb_use_builder":"","_et_pb_old_content":"","_et_gb_content_width":"","footnotes":""},"categories":[20],"tags":[],"class_list":["post-417","post","type-post","status-publish","format-standard","has-post-thumbnail","hentry","category-economie"],"acf":[],"_links":{"self":[{"href":"https:\/\/enghien.ecolo.be\/nl\/wp-json\/wp\/v2\/posts\/417","targetHints":{"allow":["GET"]}}],"collection":[{"href":"https:\/\/enghien.ecolo.be\/nl\/wp-json\/wp\/v2\/posts"}],"about":[{"href":"https:\/\/enghien.ecolo.be\/nl\/wp-json\/wp\/v2\/types\/post"}],"author":[{"embeddable":true,"href":"https:\/\/enghien.ecolo.be\/nl\/wp-json\/wp\/v2\/users\/643"}],"replies":[{"embeddable":true,"href":"https:\/\/enghien.ecolo.be\/nl\/wp-json\/wp\/v2\/comments?post=417"}],"version-history":[{"count":1,"href":"https:\/\/enghien.ecolo.be\/nl\/wp-json\/wp\/v2\/posts\/417\/revisions"}],"predecessor-version":[{"id":628,"href":"https:\/\/enghien.ecolo.be\/nl\/wp-json\/wp\/v2\/posts\/417\/revisions\/628"}],"wp:featuredmedia":[{"embeddable":true,"href":"https:\/\/enghien.ecolo.be\/nl\/wp-json\/wp\/v2\/media\/415"}],"wp:attachment":[{"href":"https:\/\/enghien.ecolo.be\/nl\/wp-json\/wp\/v2\/media?parent=417"}],"wp:term":[{"taxonomy":"category","embeddable":true,"href":"https:\/\/enghien.ecolo.be\/nl\/wp-json\/wp\/v2\/categories?post=417"},{"taxonomy":"post_tag","embeddable":true,"href":"https:\/\/enghien.ecolo.be\/nl\/wp-json\/wp\/v2\/tags?post=417"}],"curies":[{"name":"wp","href":"https:\/\/api.w.org\/{rel}","templated":true}]}}