{"id":414,"date":"2014-10-26T13:59:00","date_gmt":"2014-10-26T12:59:00","guid":{"rendered":"http:\/\/enghien.ecolo.me\/2014\/10\/26\/commerce-de-proximite\/"},"modified":"2016-12-16T07:34:11","modified_gmt":"2016-12-16T06:34:11","slug":"commerce-de-proximite","status":"publish","type":"post","link":"https:\/\/enghien.ecolo.be\/nl\/2014\/10\/26\/commerce-de-proximite\/","title":{"rendered":"Commerce de proximit\u00e9"},"content":{"rendered":"<p class=\"post_excerpt\">Des initiatives fleurissent pour soutenir le commerce de proximit\u00e9. Elles nous invitent \u00e0 soigner la dimension humaine de notre mani\u00e8re de consommer&#8230;<\/p>\n<p><!--more--><br \/>\nCommerce de proximit\u00e9 ou grande distribution ? Actuellement, on observe que les petits magasins ont beaucoup de difficult\u00e9s pour r\u00e9sister \u00e0 l&#8217;essor des grandes surfaces. Les faillites sont fr\u00e9quentes et les vitrines restent longuement vides dans l&#8217;attente d&#8217;un nouveau porteur de projet.<\/p>\n<p>D&#8217;un point de vue environnemental et social, le commerce de proximit\u00e9, proche des citoyens, reste pourtant le maitre-achat. La lutte contre le suremballage, la qualit\u00e9 des emplois et du lien social sont autant d&#8217;arguments qui nous invitent \u00e0 soutenir le commerce de proximit\u00e9 plut\u00f4t que sacrifier tout \u00e0 la consommation standardis\u00e9e propos\u00e9e en grande surface.<\/p>\n<p>La Ville d&#8217;Enghien a entrepris et poursuivra des efforts importants pour rendre le centre-ville attractif. La terrasse face \u00e0 l&#8217;\u00e9glise et la zone bleue dans les rues commer\u00e7antes sont deux initiatives qui en appellent d&#8217;autres&#8230;<\/p>\n<p>R\u00e9cemment, un porteur de projet a lanc\u00e9 une initiative d&#8217;e-commerce adapt\u00e9 aux magasins de proximit\u00e9. Le concept &#8220;Village malin&#8221; permet en effet de commander en ligne des achats dans les petits commerces enghiennois. Si, par manque de temps, vous souhaitez faire vos achats \u00e0 partir du bureau, visitez le site www.villagemalin.com<\/p>\n<p>Enfin, l&#8217;ASBL la Petite Echelle proposera prochainement un d\u00e9bat sur les enjeux du commerce. <strong>Notez d\u00e8s \u00e0 pr\u00e9sent la date du 20 novembre dans vos agendas. A 20h, \u00e0 la Maison Jonathas, plusieurs invit\u00e9s d\u00e9battront autour du th\u00e8me &#8220;Mettre de la conscience dans son pouvoir d&#8217;achat&#8221;<br \/>\n<\/strong><\/p>\n","protected":false},"excerpt":{"rendered":"<p>Des initiatives fleurissent pour soutenir le commerce de proximit\u00e9. Elles nous invitent \u00e0 soigner la dimension humaine de notre mani\u00e8re de consommer&#8230;<\/p>\n","protected":false},"author":643,"featured_media":413,"comment_status":"closed","ping_status":"open","sticky":false,"template":"","format":"standard","meta":{"_acf_changed":false,"_et_pb_use_builder":"","_et_pb_old_content":"","_et_gb_content_width":"","footnotes":""},"categories":[20],"tags":[],"class_list":["post-414","post","type-post","status-publish","format-standard","has-post-thumbnail","hentry","category-economie"],"acf":[],"_links":{"self":[{"href":"https:\/\/enghien.ecolo.be\/nl\/wp-json\/wp\/v2\/posts\/414","targetHints":{"allow":["GET"]}}],"collection":[{"href":"https:\/\/enghien.ecolo.be\/nl\/wp-json\/wp\/v2\/posts"}],"about":[{"href":"https:\/\/enghien.ecolo.be\/nl\/wp-json\/wp\/v2\/types\/post"}],"author":[{"embeddable":true,"href":"https:\/\/enghien.ecolo.be\/nl\/wp-json\/wp\/v2\/users\/643"}],"replies":[{"embeddable":true,"href":"https:\/\/enghien.ecolo.be\/nl\/wp-json\/wp\/v2\/comments?post=414"}],"version-history":[{"count":1,"href":"https:\/\/enghien.ecolo.be\/nl\/wp-json\/wp\/v2\/posts\/414\/revisions"}],"predecessor-version":[{"id":630,"href":"https:\/\/enghien.ecolo.be\/nl\/wp-json\/wp\/v2\/posts\/414\/revisions\/630"}],"wp:featuredmedia":[{"embeddable":true,"href":"https:\/\/enghien.ecolo.be\/nl\/wp-json\/wp\/v2\/media\/413"}],"wp:attachment":[{"href":"https:\/\/enghien.ecolo.be\/nl\/wp-json\/wp\/v2\/media?parent=414"}],"wp:term":[{"taxonomy":"category","embeddable":true,"href":"https:\/\/enghien.ecolo.be\/nl\/wp-json\/wp\/v2\/categories?post=414"},{"taxonomy":"post_tag","embeddable":true,"href":"https:\/\/enghien.ecolo.be\/nl\/wp-json\/wp\/v2\/tags?post=414"}],"curies":[{"name":"wp","href":"https:\/\/api.w.org\/{rel}","templated":true}]}}