{"id":410,"date":"2014-06-26T21:18:11","date_gmt":"2014-06-26T19:18:11","guid":{"rendered":"http:\/\/enghien.ecolo.me\/2014\/06\/26\/au-revoir\/"},"modified":"2016-12-16T07:34:12","modified_gmt":"2016-12-16T06:34:12","slug":"au-revoir","status":"publish","type":"post","link":"https:\/\/enghien.ecolo.be\/nl\/2014\/06\/26\/au-revoir\/","title":{"rendered":"Au revoir&#8230;"},"content":{"rendered":"<p class=\"post_excerpt\"><img278|left><\/p>\n<p><!--more--><br \/>\nCh\u00e8re Josiane,<\/p>\n<p>Te voil\u00e0 donc partie&#8230; Depuis quelques semaines, nous nous y \u00e9tions pr\u00e9par\u00e9s, mais aujourd&#8217;hui nous nous sentons comme orphelins.<\/p>\n<p>D\u00e8s le d\u00e9but de ton engagement \u00e0 nos c\u00f4t\u00e9s, lorsque tu \u00e9tais \u00e0 la t\u00eate de notre groupe local, tu as mis toute ton \u00e9nergie \u00e0 d\u00e9fendre les valeurs fondamentales de l&#8217;\u00e9cologie : solidarit\u00e9, participation, ouverture \u00e0 l&#8217;autre, vision d&#8217;une autre monde plus vert, plus juste&#8230;<\/p>\n<p>En 2006, tu as endoss\u00e9 l&#8217;\u00e9charpe d&#8217;\u00e9chevine et tu t&#8217;es engag\u00e9e \u00e0 110% dans les comp\u00e9tences qui \u00e9taient les tiennes : culture, \u00e9galit\u00e9s des chances, coh\u00e9sion sociale, accueil extrascolaire. Ton enthousiasme prenait g\u00e9n\u00e9ralement le dessus sur les \u00e9ventuels probl\u00e8mes, ta g\u00e9n\u00e9rosit\u00e9 jetant des ponts l\u00e0 o\u00f9 des foss\u00e9s existaient. Tu t&#8217;es investie particuli\u00e8rement dans les actions men\u00e9es par le centre culturel, dans les plaines de jeu organis\u00e9es par le service social, dans le lien que l&#8217;on pouvait cr\u00e9er entre les g\u00e9n\u00e9rations, dans le soutien aux comit\u00e9s de quartier et, plus r\u00e9cemment, dans un projet d&#8217;accueil extrascolaire men\u00e9 en collaboration avec toutes les \u00e9coles fondamentales de notre commune.<\/p>\n<p>Toujours, tu r\u00e9servais une attention particuli\u00e8re aux personnes les plus fragilis\u00e9es. C&#8217;\u00e9tait ton combat personnel que de d\u00e9fendre les plus pr\u00e9caris\u00e9s.<\/p>\n<p>Et puis, cette fichue maladie t&#8217;a attrap\u00e9e. Quelle le\u00e7on de courage tu nous as donn\u00e9e ! Sans faillir, tu as men\u00e9 la premi\u00e8re bataille en conqu\u00e9rante, et tu l&#8217;as gagn\u00e9e. Mais le &#8220;crabe&#8221; n&#8217;en a pas eu assez, et t&#8217;a engag\u00e9e dans un deuxi\u00e8me round&#8230;<\/p>\n<p>Ch\u00e8re Josiane, tu fus, tu es, tu resteras cette femme incroyable portant tout \u00e0 la fois les casquettes d&#8217;\u00e9cologiste engag\u00e9e, de m\u00e8re, d&#8217;\u00e9pouse, d&#8217;amie, &#8230; Cette femme g\u00e9n\u00e9reuse, battante, \u00e0 l&#8217;\u00e9coute des plus d\u00e9munis.<\/p>\n<p><strong>Ton d\u00e9part laisse un grand vide mais tu gardes une place de choix dans le c\u0153ur des nombreuses personnes qui ont appr\u00e9ci\u00e9 ton travail et, tout particuli\u00e8rement, dans celui de tes amis \u00e9cologistes enghiennois&#8230; <\/strong> <\/p>\n<h2><\/h2>\n<h2><\/h2>\n<p><em>Les fun\u00e9railles de Josiane auront lieu ce mardi 1er juillet, \u00e0 11h, en l\u2019\u00e9glise Saint Nicolas. Les condol\u00e9ances seront re\u00e7ues par la famille apr\u00e8s la messe. Cette c\u00e9r\u00e9monie sera suivie par l\u2019incin\u00e9ration au Cr\u00e9matorium d\u2019Hacquegnies, dans l\u2019intimit\u00e9.<\/p>\n","protected":false},"excerpt":{"rendered":"","protected":false},"author":643,"featured_media":0,"comment_status":"closed","ping_status":"open","sticky":false,"template":"","format":"standard","meta":{"_acf_changed":false,"_et_pb_use_builder":"","_et_pb_old_content":"","_et_gb_content_width":"","footnotes":""},"categories":[19],"tags":[],"class_list":["post-410","post","type-post","status-publish","format-standard","hentry","category-politique"],"acf":[],"_links":{"self":[{"href":"https:\/\/enghien.ecolo.be\/nl\/wp-json\/wp\/v2\/posts\/410","targetHints":{"allow":["GET"]}}],"collection":[{"href":"https:\/\/enghien.ecolo.be\/nl\/wp-json\/wp\/v2\/posts"}],"about":[{"href":"https:\/\/enghien.ecolo.be\/nl\/wp-json\/wp\/v2\/types\/post"}],"author":[{"embeddable":true,"href":"https:\/\/enghien.ecolo.be\/nl\/wp-json\/wp\/v2\/users\/643"}],"replies":[{"embeddable":true,"href":"https:\/\/enghien.ecolo.be\/nl\/wp-json\/wp\/v2\/comments?post=410"}],"version-history":[{"count":1,"href":"https:\/\/enghien.ecolo.be\/nl\/wp-json\/wp\/v2\/posts\/410\/revisions"}],"predecessor-version":[{"id":636,"href":"https:\/\/enghien.ecolo.be\/nl\/wp-json\/wp\/v2\/posts\/410\/revisions\/636"}],"wp:attachment":[{"href":"https:\/\/enghien.ecolo.be\/nl\/wp-json\/wp\/v2\/media?parent=410"}],"wp:term":[{"taxonomy":"category","embeddable":true,"href":"https:\/\/enghien.ecolo.be\/nl\/wp-json\/wp\/v2\/categories?post=410"},{"taxonomy":"post_tag","embeddable":true,"href":"https:\/\/enghien.ecolo.be\/nl\/wp-json\/wp\/v2\/tags?post=410"}],"curies":[{"name":"wp","href":"https:\/\/api.w.org\/{rel}","templated":true}]}}