{"id":409,"date":"2014-05-26T16:04:27","date_gmt":"2014-05-26T14:04:27","guid":{"rendered":"http:\/\/enghien.ecolo.me\/2014\/05\/26\/elections-resultats\/"},"modified":"2016-12-16T07:34:12","modified_gmt":"2016-12-16T06:34:12","slug":"elections-resultats","status":"publish","type":"post","link":"https:\/\/enghien.ecolo.be\/nl\/2014\/05\/26\/elections-resultats\/","title":{"rendered":"Elections : r\u00e9sultats"},"content":{"rendered":"<p class=\"post_excerpt\">Les urnes ont livr\u00e9 leur r\u00e9sultat : ECOLO a subi un net recul lors des \u00e9lections r\u00e9gionales et f\u00e9d\u00e9rales de ce 25 mai. A Enghien toutefois, les r\u00e9sultats tranchent radicalement avec ceux observ\u00e9s par ailleurs&#8230; <\/p>\n<p><!--more--><br \/>\nAu terme d&#8217;une l\u00e9gislature o\u00f9 ECOLO a constamment cherch\u00e9 et propos\u00e9 des solutions \u00e0 de nombreux probl\u00e8mes concrets de notre R\u00e9gion wallonne et a \u00e9galement apport\u00e9 son concours et ses id\u00e9es \u00e0 la 6\u00e8me r\u00e9forme de l&#8217;\u00e9tat, apr\u00e8s une campagne o\u00f9 nos candidats se sont mis \u00e0 l&#8217;\u00e9coute des citoyens pour comprendre leurs pr\u00e9occupations, le r\u00e9sultat-sanction des \u00e9lections de ce dimanche est  douloureux. ECOLO Enghien f\u00e9licite toutefois les partis qui sont sortis victorieux de ce scrutin dont le MR \u00e0 Enghien. <\/p>\n<p>Au vu de l&#8217;accueil positif rencontr\u00e9 aupr\u00e8s des citoyens lors de la campagne, ECOLO n&#8217;est cependant pas d\u00e9mobilis\u00e9. D\u00e8s ce jour, nos \u00e9quipes se mettent en r\u00e9flexion pour analyser et comprendre ce qui n&#8217;a pas fonctionn\u00e9. Plus que jamais, nous restons aux c\u00f4t\u00e9s des citoyens avec notamment des propositions et des solutions pour l&#8217;emploi, le logement, l&#8217;\u00e9conomie, l&#8217;environnement et l&#8217;enseignement.<\/p>\n<p>Fort heureusement, \u00e0 Enghien comme dans d&#8217;autres communes o\u00f9 ECOLO participe au pouvoir, les r\u00e9sultats d&#8217;ECOLO tranchent radicalement avec ceux observ\u00e9s par ailleurs. Pour les \u00e9lections r\u00e9gionales, sur la commune d&#8217;Enghien, les scores sont les suivants (voir aussi le lien ci-dessous) :<\/p>\n<ul>\n<li>MR : 27,94%\n<\/li>\n<li>PS : 22,28%\n<\/li>\n<li>ECOLO : 19,75%\n<\/li>\n<li>cdH : 16,69%\n<\/li>\n<\/ul>\n<p>En ce qui concerne les voix de pr\u00e9f\u00e9rence, le verdict pour les candidats locaux aux \u00e9lections r\u00e9gionales (bureaux de vote de la commune d&#8217;Enghien) est le suivant :<\/p>\n<ul>\n<li>Olivier Saint-Amand : 751 voix\n<\/li>\n<li>B\u00e9n\u00e9dicte Linard : 415 voix\n<\/li>\n<li>Jean-Yves Sturbois  (MR) : 637 voix\n<\/li>\n<li>In\u00eas Mendes (PS) : 303 voix\n<\/li>\n<li>Christine Leroy (cdH) : 685 voix\n<\/li>\n<\/ul>\n<p>Merci \u00e0 tous les Enghiennois qui par leur vote ont renouvel\u00e9 leur confiance \u00e0 ECOLO. <\/p>\n","protected":false},"excerpt":{"rendered":"<p>Les urnes ont livr\u00e9 leur r\u00e9sultat : ECOLO a subi un net recul lors des \u00e9lections r\u00e9gionales et f\u00e9d\u00e9rales de ce 25 mai. A Enghien toutefois, les r\u00e9sultats tranchent radicalement avec ceux observ\u00e9s par ailleurs&#8230;<\/p>\n","protected":false},"author":643,"featured_media":408,"comment_status":"closed","ping_status":"open","sticky":false,"template":"","format":"standard","meta":{"_acf_changed":false,"_et_pb_use_builder":"","_et_pb_old_content":"","_et_gb_content_width":"","footnotes":""},"categories":[19],"tags":[],"class_list":["post-409","post","type-post","status-publish","format-standard","has-post-thumbnail","hentry","category-politique"],"acf":[],"_links":{"self":[{"href":"https:\/\/enghien.ecolo.be\/nl\/wp-json\/wp\/v2\/posts\/409","targetHints":{"allow":["GET"]}}],"collection":[{"href":"https:\/\/enghien.ecolo.be\/nl\/wp-json\/wp\/v2\/posts"}],"about":[{"href":"https:\/\/enghien.ecolo.be\/nl\/wp-json\/wp\/v2\/types\/post"}],"author":[{"embeddable":true,"href":"https:\/\/enghien.ecolo.be\/nl\/wp-json\/wp\/v2\/users\/643"}],"replies":[{"embeddable":true,"href":"https:\/\/enghien.ecolo.be\/nl\/wp-json\/wp\/v2\/comments?post=409"}],"version-history":[{"count":1,"href":"https:\/\/enghien.ecolo.be\/nl\/wp-json\/wp\/v2\/posts\/409\/revisions"}],"predecessor-version":[{"id":637,"href":"https:\/\/enghien.ecolo.be\/nl\/wp-json\/wp\/v2\/posts\/409\/revisions\/637"}],"wp:featuredmedia":[{"embeddable":true,"href":"https:\/\/enghien.ecolo.be\/nl\/wp-json\/wp\/v2\/media\/408"}],"wp:attachment":[{"href":"https:\/\/enghien.ecolo.be\/nl\/wp-json\/wp\/v2\/media?parent=409"}],"wp:term":[{"taxonomy":"category","embeddable":true,"href":"https:\/\/enghien.ecolo.be\/nl\/wp-json\/wp\/v2\/categories?post=409"},{"taxonomy":"post_tag","embeddable":true,"href":"https:\/\/enghien.ecolo.be\/nl\/wp-json\/wp\/v2\/tags?post=409"}],"curies":[{"name":"wp","href":"https:\/\/api.w.org\/{rel}","templated":true}]}}