{"id":407,"date":"2014-05-22T22:45:45","date_gmt":"2014-05-22T20:45:45","guid":{"rendered":"http:\/\/enghien.ecolo.me\/2014\/05\/22\/geluck-et-100-personnalites\/"},"modified":"2016-12-16T07:34:12","modified_gmt":"2016-12-16T06:34:12","slug":"geluck-et-100-personnalites","status":"publish","type":"post","link":"https:\/\/enghien.ecolo.be\/nl\/2014\/05\/22\/geluck-et-100-personnalites\/","title":{"rendered":"Geluck et 100 personnalit\u00e9s soutiennent ECOLO"},"content":{"rendered":"<p class=\"post_excerpt\">Dans leur &#8220;appel du 25 mai&#8221; pour l&#8217;\u00e9cologie politique, Philippe Geluck, Jacques Mercier, Benoit Mariage et 100 personnalit\u00e9s belges appellent \u00e0 voter ECOLO.<\/p>\n<p><!--more--><br \/>\nTexte de l&#8217;appel du 25 mai (extrait) :<\/p>\n<p>&#8220;Nous pensons que la plan\u00e8te, l\u2019Europe, la Belgique, nos R\u00e9gions ont absolument besoin de l\u2019\u00e9cologie comme courant politique, capable de peser sur les d\u00e9cisions, d\u2019influer sur le r\u00e9el. Les r\u00e9sultats des \u00e9lections du 25 mai doivent refl\u00e9ter ces urgences et renforcer ces partis dans les diff\u00e9rents parlements. Nous devons donner aux partis \u00e9cologistes du Nord et du Sud du pays un rapport de force favorable.<\/p>\n<p>C\u2019est indispensable, plus que jamais.<br \/>\nPour nous, tout de suite.<br \/>\nEt pour ceux \u00e0 qui nous l\u00e9guerons la plan\u00e8te&#8221;<\/p>\n","protected":false},"excerpt":{"rendered":"<p>Dans leur &#8220;appel du 25 mai&#8221; pour l&#8217;\u00e9cologie politique, Philippe Geluck, Jacques Mercier, Benoit Mariage et 100 personnalit\u00e9s belges appellent \u00e0 voter ECOLO.<\/p>\n","protected":false},"author":643,"featured_media":406,"comment_status":"closed","ping_status":"open","sticky":false,"template":"","format":"standard","meta":{"_acf_changed":false,"_et_pb_use_builder":"","_et_pb_old_content":"","_et_gb_content_width":"","footnotes":""},"categories":[19],"tags":[],"class_list":["post-407","post","type-post","status-publish","format-standard","has-post-thumbnail","hentry","category-politique"],"acf":[],"_links":{"self":[{"href":"https:\/\/enghien.ecolo.be\/nl\/wp-json\/wp\/v2\/posts\/407","targetHints":{"allow":["GET"]}}],"collection":[{"href":"https:\/\/enghien.ecolo.be\/nl\/wp-json\/wp\/v2\/posts"}],"about":[{"href":"https:\/\/enghien.ecolo.be\/nl\/wp-json\/wp\/v2\/types\/post"}],"author":[{"embeddable":true,"href":"https:\/\/enghien.ecolo.be\/nl\/wp-json\/wp\/v2\/users\/643"}],"replies":[{"embeddable":true,"href":"https:\/\/enghien.ecolo.be\/nl\/wp-json\/wp\/v2\/comments?post=407"}],"version-history":[{"count":1,"href":"https:\/\/enghien.ecolo.be\/nl\/wp-json\/wp\/v2\/posts\/407\/revisions"}],"predecessor-version":[{"id":638,"href":"https:\/\/enghien.ecolo.be\/nl\/wp-json\/wp\/v2\/posts\/407\/revisions\/638"}],"wp:featuredmedia":[{"embeddable":true,"href":"https:\/\/enghien.ecolo.be\/nl\/wp-json\/wp\/v2\/media\/406"}],"wp:attachment":[{"href":"https:\/\/enghien.ecolo.be\/nl\/wp-json\/wp\/v2\/media?parent=407"}],"wp:term":[{"taxonomy":"category","embeddable":true,"href":"https:\/\/enghien.ecolo.be\/nl\/wp-json\/wp\/v2\/categories?post=407"},{"taxonomy":"post_tag","embeddable":true,"href":"https:\/\/enghien.ecolo.be\/nl\/wp-json\/wp\/v2\/tags?post=407"}],"curies":[{"name":"wp","href":"https:\/\/api.w.org\/{rel}","templated":true}]}}