{"id":403,"date":"2014-05-22T21:50:00","date_gmt":"2014-05-22T19:50:00","guid":{"rendered":"http:\/\/enghien.ecolo.me\/2014\/05\/22\/elections-deux-candidats\/"},"modified":"2016-12-16T07:34:12","modified_gmt":"2016-12-16T06:34:12","slug":"elections-deux-candidats","status":"publish","type":"post","link":"https:\/\/enghien.ecolo.be\/nl\/2014\/05\/22\/elections-deux-candidats\/","title":{"rendered":"Elections : deux candidats enghiennois"},"content":{"rendered":"<p class=\"post_excerpt\">B\u00e9n\u00e9dicte Linard et Olivier Saint-Amand, deux candidats locaux sur la liste ECOLO pour les \u00e9lections r\u00e9gionales&#8230; Une chance pour Enghien ! L&#8217;un soutient l&#8217;autre dans son objectif de d\u00e9crocher un poste de d\u00e9put\u00e9e au Parlement wallon&#8230; Mais tous deux incarnent les m\u00eames id\u00e9es et la m\u00eame mani\u00e8re de faire de la politique. <\/p>\n<p><!--more--><br \/>\nUn (\u00e9)lecteur nous \u00e9crit ceci : &#8220;Monsieur Saint-Amand, j&#8217;aimerais voter pour vous mais, de toute fa\u00e7on, ce serait un vote inutile puisque vous pr\u00e9f\u00e9rez garder votre de charge de bourgmestre que vous assumez pleinement&#8221;. <\/p>\n<p>Lors de ces \u00e9lections, Olivier Saint-Amand est pr\u00e9sent sur la liste r\u00e9gionale pour soutenir ECOLO. Il soutient particuli\u00e8rement la candidature de B\u00e9n\u00e9dicte Linard comme d&#8217;autres l&#8217;ont soutenu en 2009 pour qu&#8217;il devienne d\u00e9put\u00e9. Dans une \u00e9quipe, le capitaine n&#8217;est pas toujours le m\u00eame ! <\/p>\n<p>Cette ann\u00e9e, c&#8217;est B\u00e9n\u00e9dicte Linard qui emm\u00e8ne la liste et est aux avant-postes pour ECOLO. C&#8217;est elle qui a les meilleures chances de garder la place de d\u00e9put\u00e9e qu&#8217;elle occupe au Parlement wallon. <\/p>\n<p>Pour en savoir plus sur son travail de d\u00e9put\u00e9e, n&#8217;h\u00e9sitez pas \u00e0 consulter la page:<\/p>\n<blockquote class=\"wp-embedded-content\" data-secret=\"LDdrRxr2ss\"><p><a href=\"https:\/\/ecolo.be\/\">Accueil<\/a><\/p><\/blockquote>\n<p><iframe loading=\"lazy\" class=\"wp-embedded-content\" sandbox=\"allow-scripts\" security=\"restricted\" style=\"position: absolute; clip: rect(1px, 1px, 1px, 1px);\" title=\"\u00ab\u00a0Accueil\u00a0\u00bb &#8212; Ecolo\" src=\"https:\/\/ecolo.be\/embed\/#?secret=8eDzRagBJM#?secret=LDdrRxr2ss\" data-secret=\"LDdrRxr2ss\" width=\"500\" height=\"282\" frameborder=\"0\" marginwidth=\"0\" marginheight=\"0\" scrolling=\"no\"><\/iframe><\/p>\n<p><strong>Soutenez donc B\u00e9n\u00e9dicte qui a l&#8217;\u00e9toffe d&#8217;une d\u00e9put\u00e9e et apportez en plus votre voix \u00e0 Olivier ainsi qu&#8217;aux autres candidats de soutien qui d\u00e9fendent avec elle les id\u00e9es d&#8217;ECOLO dans notre r\u00e9gion.<\/strong><\/p>\n","protected":false},"excerpt":{"rendered":"<p>B\u00e9n\u00e9dicte Linard et Olivier Saint-Amand, deux candidats locaux sur la liste ECOLO pour les \u00e9lections r\u00e9gionales&#8230; Une chance pour Enghien ! L&#8217;un soutient l&#8217;autre dans son objectif de d\u00e9crocher un poste de d\u00e9put\u00e9e au Parlement wallon&#8230; Mais tous deux incarnent les m\u00eames id\u00e9es et la m\u00eame mani\u00e8re de faire de la politique.<\/p>\n","protected":false},"author":643,"featured_media":402,"comment_status":"closed","ping_status":"open","sticky":false,"template":"","format":"standard","meta":{"_acf_changed":false,"_et_pb_use_builder":"","_et_pb_old_content":"","_et_gb_content_width":"","footnotes":""},"categories":[19],"tags":[],"class_list":["post-403","post","type-post","status-publish","format-standard","has-post-thumbnail","hentry","category-politique"],"acf":[],"_links":{"self":[{"href":"https:\/\/enghien.ecolo.be\/nl\/wp-json\/wp\/v2\/posts\/403","targetHints":{"allow":["GET"]}}],"collection":[{"href":"https:\/\/enghien.ecolo.be\/nl\/wp-json\/wp\/v2\/posts"}],"about":[{"href":"https:\/\/enghien.ecolo.be\/nl\/wp-json\/wp\/v2\/types\/post"}],"author":[{"embeddable":true,"href":"https:\/\/enghien.ecolo.be\/nl\/wp-json\/wp\/v2\/users\/643"}],"replies":[{"embeddable":true,"href":"https:\/\/enghien.ecolo.be\/nl\/wp-json\/wp\/v2\/comments?post=403"}],"version-history":[{"count":1,"href":"https:\/\/enghien.ecolo.be\/nl\/wp-json\/wp\/v2\/posts\/403\/revisions"}],"predecessor-version":[{"id":639,"href":"https:\/\/enghien.ecolo.be\/nl\/wp-json\/wp\/v2\/posts\/403\/revisions\/639"}],"wp:featuredmedia":[{"embeddable":true,"href":"https:\/\/enghien.ecolo.be\/nl\/wp-json\/wp\/v2\/media\/402"}],"wp:attachment":[{"href":"https:\/\/enghien.ecolo.be\/nl\/wp-json\/wp\/v2\/media?parent=403"}],"wp:term":[{"taxonomy":"category","embeddable":true,"href":"https:\/\/enghien.ecolo.be\/nl\/wp-json\/wp\/v2\/categories?post=403"},{"taxonomy":"post_tag","embeddable":true,"href":"https:\/\/enghien.ecolo.be\/nl\/wp-json\/wp\/v2\/tags?post=403"}],"curies":[{"name":"wp","href":"https:\/\/api.w.org\/{rel}","templated":true}]}}