{"id":396,"date":"2014-04-19T23:30:00","date_gmt":"2014-04-19T21:30:00","guid":{"rendered":"http:\/\/enghien.ecolo.me\/2014\/04\/19\/la-bibliotheque-reconnue-et\/"},"modified":"2016-12-16T07:34:12","modified_gmt":"2016-12-16T06:34:12","slug":"la-bibliotheque-reconnue-et","status":"publish","type":"post","link":"https:\/\/enghien.ecolo.be\/nl\/2014\/04\/19\/la-bibliotheque-reconnue-et\/","title":{"rendered":"La biblioth\u00e8que reconnue et subventionn\u00e9e"},"content":{"rendered":"<p class=\"post_excerpt\">La biblioth\u00e8que d\u2019Enghien vient d\u2019\u00eatre reconnue par la F\u00e9d\u00e9ration Wallonie-Bruxelles. Elle rejoint donc le r\u00e9seau des biblioth\u00e8ques subventionn\u00e9es. Une belle reconnaissance pour son travail de promotion de la lecture.  <\/p>\n<p><!--more--><br \/>\nIl existe pr\u00e8s de 180 biblioth\u00e8ques en Wallonie et \u00e0 Bruxelles, reconnues par le Minist\u00e8re de la Communaut\u00e9 fran\u00e7aise. Par d\u00e9cision du Gouvernement et apr\u00e8s pr\u00e9sentation d&#8217;un dossier de reconnaissance, la biblioth\u00e8que d&#8217;Enghien vient de rejoindre ce r\u00e9seau.<\/p>\n<p>Les biblioth\u00e8ques publiques sont charg\u00e9es du d\u00e9veloppement des pratiques de lecture sur le territoire de la F\u00e9d\u00e9ration Wallonie-Bruxelles. Elles offrent un service de pr\u00eat de documents et donnent la possibilit\u00e9 \u00e0 leurs lecteurs de naviguer sur internet, participer \u00e0 des ateliers d\u2019\u00e9criture ou assister \u00e0 des s\u00e9ances de contes.<\/p>\n<p><strong>Du 23 avril au 4 mai<\/strong>, la Biblioth\u00e8que et le Centre culturel s&#8217;associent une nouvelle fois pour proposer des activit\u00e9s dans le cadre de l&#8217;op\u00e9ration  \u00ab Je lis dans ma commune \u00bb qui d\u00e9veloppe des projets autour du livre : \u00e9change de livres, animations, lectures, rencontre autour d&#8217;un livre, improvisation, &#8230; <\/p>\n<p>Le programme complet est \u00e0 d\u00e9couvrir sur [http:\/\/www.ccenghien.be\/]<\/p>\n","protected":false},"excerpt":{"rendered":"<p>La biblioth\u00e8que d\u2019Enghien vient d\u2019\u00eatre reconnue par la F\u00e9d\u00e9ration Wallonie-Bruxelles. Elle rejoint donc le r\u00e9seau des biblioth\u00e8ques subventionn\u00e9es. Une belle reconnaissance pour son travail de promotion de la lecture.<\/p>\n","protected":false},"author":643,"featured_media":395,"comment_status":"closed","ping_status":"open","sticky":false,"template":"","format":"standard","meta":{"_acf_changed":false,"_et_pb_use_builder":"","_et_pb_old_content":"","_et_gb_content_width":"","footnotes":""},"categories":[11],"tags":[],"class_list":["post-396","post","type-post","status-publish","format-standard","has-post-thumbnail","hentry","category-culture"],"acf":[],"_links":{"self":[{"href":"https:\/\/enghien.ecolo.be\/nl\/wp-json\/wp\/v2\/posts\/396","targetHints":{"allow":["GET"]}}],"collection":[{"href":"https:\/\/enghien.ecolo.be\/nl\/wp-json\/wp\/v2\/posts"}],"about":[{"href":"https:\/\/enghien.ecolo.be\/nl\/wp-json\/wp\/v2\/types\/post"}],"author":[{"embeddable":true,"href":"https:\/\/enghien.ecolo.be\/nl\/wp-json\/wp\/v2\/users\/643"}],"replies":[{"embeddable":true,"href":"https:\/\/enghien.ecolo.be\/nl\/wp-json\/wp\/v2\/comments?post=396"}],"version-history":[{"count":1,"href":"https:\/\/enghien.ecolo.be\/nl\/wp-json\/wp\/v2\/posts\/396\/revisions"}],"predecessor-version":[{"id":647,"href":"https:\/\/enghien.ecolo.be\/nl\/wp-json\/wp\/v2\/posts\/396\/revisions\/647"}],"wp:featuredmedia":[{"embeddable":true,"href":"https:\/\/enghien.ecolo.be\/nl\/wp-json\/wp\/v2\/media\/395"}],"wp:attachment":[{"href":"https:\/\/enghien.ecolo.be\/nl\/wp-json\/wp\/v2\/media?parent=396"}],"wp:term":[{"taxonomy":"category","embeddable":true,"href":"https:\/\/enghien.ecolo.be\/nl\/wp-json\/wp\/v2\/categories?post=396"},{"taxonomy":"post_tag","embeddable":true,"href":"https:\/\/enghien.ecolo.be\/nl\/wp-json\/wp\/v2\/tags?post=396"}],"curies":[{"name":"wp","href":"https:\/\/api.w.org\/{rel}","templated":true}]}}