{"id":387,"date":"2014-04-17T11:55:00","date_gmt":"2014-04-17T09:55:00","guid":{"rendered":"http:\/\/enghien.ecolo.me\/2014\/04\/17\/petit-enghien-recherche-de-salles\/"},"modified":"2016-12-16T07:34:12","modified_gmt":"2016-12-16T06:34:12","slug":"petit-enghien-recherche-de-salles","status":"publish","type":"post","link":"https:\/\/enghien.ecolo.be\/nl\/2014\/04\/17\/petit-enghien-recherche-de-salles\/","title":{"rendered":"Petit-Enghien : recherche de salles"},"content":{"rendered":"<p class=\"post_excerpt\">Comment remplacer la salle Decrem qui accueillait de nombreuses activit\u00e9s au village de Petit-Enghien mais qui sera prochainement d\u00e9molie ? Cette question a anim\u00e9 les d\u00e9bats et aliment\u00e9 des pol\u00e9miques bas\u00e9es sur des informations incorrectes. Faisons le point sur la situation de la salle Decrem et de la salle Omnisport de Petit-Enghien.<\/p>\n<p><!--more--><br \/>\nLa salle Decrem, espace priv\u00e9 qui accueillait de nombreuses festivit\u00e9s \u00e0 Petit-Enghien, vient d\u2019\u00eatre vendue. Elle sera d\u00e9molie et laissera vraisemblablement place \u00e0 des logements. Les autorit\u00e9s communales se sont pr\u00e9occup\u00e9es de cette situation qui mettra en difficult\u00e9 de nombreuses associations du village (les g\u00e9ants, les pensionn\u00e9s, les copains petit-enghiennois, l\u2019\u00e9cole, le groupe T\u00e9l\u00e9vie, \u2026). Des contacts ont notamment \u00e9t\u00e9 pris avec le propri\u00e9taire de l\u2019ancien caf\u00e9 de la Renaissance pour v\u00e9rifier s\u2019il accepterait de r\u00e9nover et rouvrir la grande salle attenante.<\/p>\n<p>L\u2019avenir de la salle Omnisport a \u00e9galement \u00e9t\u00e9 \u00e9tudi\u00e9. Le Conseil communal a d\u00e9cid\u00e9 d\u2019investir dans des travaux de r\u00e9novation de sa toiture et d\u2019am\u00e9nagement de ses vestiaires. En attendant les subventions r\u00e9gionales qui tardent \u00e0 venir pour ces investissements importants (plus de 400.000\u20ac), une alternative a \u00e9t\u00e9 \u00e9voqu\u00e9e mais n\u2019a fait l\u2019objet d\u2019aucune d\u00e9lib\u00e9ration ni d\u00e9cision. Il s\u2019agissait de transformer le hall actuel en salle polyvalente permettant d\u2019accueillir les activit\u00e9s des associations qui fr\u00e9quentaient la salle Decrem en plus de certaines activit\u00e9s sportives\u2026<\/p>\n<p>La salle Omnisport de Petit-Enghien ne sera donc pas abattue pour faire place \u00e0 du logement. Cette information a circul\u00e9 de mani\u00e8re tout \u00e0 fait erron\u00e9e. Pour couper court \u00e0 ce bruit et rassurer les personnes concern\u00e9es, le Bourgmestre et l\u2019Echevin des sports ont inform\u00e9 et associ\u00e9 \u00e0 leurs r\u00e9flexions les clubs sportifs et les soci\u00e9t\u00e9s du village lors d\u2019une r\u00e9union organis\u00e9e \u00e0 Petit-Enghien, le 15 avril dernier.<\/p>\n<p>Lors de cette r\u00e9union, il est apparu que certains habitants avaient l\u2019impression que les autorit\u00e9s communales d\u00e9laissaient leur village. Ce sentiment est respectable, mais totalement infond\u00e9. La Ville investit \u00e0 Petit-Enghien au m\u00eame titre qu\u2019au centre ville qui, fr\u00e9quent\u00e9 par tous, mobilise beaucoup d\u2019\u00e9nergie. Pour rappel, l\u2019ancienne maison communale a \u00e9t\u00e9 compl\u00e8tement r\u00e9nov\u00e9e et de magnifiques locaux permettent d\u00e9sormais d&#8217;y accueillir la biblioth\u00e8que du village. Le rev\u00eatement de la salle Omnisport de Petit-Enghien a \u00e9t\u00e9 remplac\u00e9 pour permettre aux clubs sportifs de disputer leurs championnats dans des cat\u00e9gories sup\u00e9rieures. Le trottoir de la rue des D\u00e9port\u00e9s a \u00e9t\u00e9 compl\u00e8tement renouvel\u00e9 ainsi que l\u2019\u00e9clairage public du quartier Vital Langhendries. Plus r\u00e9cemment encore, de nombreux travaux de voirie, de trottoirs et\/ou d\u2019\u00e9gouttage ont \u00e9t\u00e9 r\u00e9alis\u00e9s \u00e0 la rue de Coquiane, \u00e0 la rue Fontaine \u00e0 Louche, \u00e0 la dr\u00e8ve des Marguerites et \u00e0 la dr\u00e8ve du Corps de Garde.<\/p>\n<p>Le centre ville, les villages de Marcq, de Labliau et, bien s\u00fbr, de Petit-Enghien sont tous bien pr\u00e9sents dans les r\u00e9flexions et les programmes d\u2019investissement de la Ville d\u2019Enghien.<\/p>\n","protected":false},"excerpt":{"rendered":"<p>Comment remplacer la salle Decrem qui accueillait de nombreuses activit\u00e9s au village de Petit-Enghien mais qui sera prochainement d\u00e9molie ? Cette question a anim\u00e9 les d\u00e9bats et aliment\u00e9 des pol\u00e9miques bas\u00e9es sur des informations incorrectes. Faisons le point sur la situation de la salle Decrem et de la salle Omnisport de Petit-Enghien.<\/p>\n","protected":false},"author":643,"featured_media":386,"comment_status":"closed","ping_status":"open","sticky":false,"template":"","format":"standard","meta":{"_acf_changed":false,"_et_pb_use_builder":"","_et_pb_old_content":"","_et_gb_content_width":"","footnotes":""},"categories":[19],"tags":[],"class_list":["post-387","post","type-post","status-publish","format-standard","has-post-thumbnail","hentry","category-politique"],"acf":[],"_links":{"self":[{"href":"https:\/\/enghien.ecolo.be\/nl\/wp-json\/wp\/v2\/posts\/387","targetHints":{"allow":["GET"]}}],"collection":[{"href":"https:\/\/enghien.ecolo.be\/nl\/wp-json\/wp\/v2\/posts"}],"about":[{"href":"https:\/\/enghien.ecolo.be\/nl\/wp-json\/wp\/v2\/types\/post"}],"author":[{"embeddable":true,"href":"https:\/\/enghien.ecolo.be\/nl\/wp-json\/wp\/v2\/users\/643"}],"replies":[{"embeddable":true,"href":"https:\/\/enghien.ecolo.be\/nl\/wp-json\/wp\/v2\/comments?post=387"}],"version-history":[{"count":1,"href":"https:\/\/enghien.ecolo.be\/nl\/wp-json\/wp\/v2\/posts\/387\/revisions"}],"predecessor-version":[{"id":650,"href":"https:\/\/enghien.ecolo.be\/nl\/wp-json\/wp\/v2\/posts\/387\/revisions\/650"}],"wp:featuredmedia":[{"embeddable":true,"href":"https:\/\/enghien.ecolo.be\/nl\/wp-json\/wp\/v2\/media\/386"}],"wp:attachment":[{"href":"https:\/\/enghien.ecolo.be\/nl\/wp-json\/wp\/v2\/media?parent=387"}],"wp:term":[{"taxonomy":"category","embeddable":true,"href":"https:\/\/enghien.ecolo.be\/nl\/wp-json\/wp\/v2\/categories?post=387"},{"taxonomy":"post_tag","embeddable":true,"href":"https:\/\/enghien.ecolo.be\/nl\/wp-json\/wp\/v2\/tags?post=387"}],"curies":[{"name":"wp","href":"https:\/\/api.w.org\/{rel}","templated":true}]}}