{"id":3783,"date":"2025-04-19T20:24:42","date_gmt":"2025-04-19T18:24:42","guid":{"rendered":"https:\/\/enghien.ecolo.be\/?p=3783"},"modified":"2025-04-24T20:24:56","modified_gmt":"2025-04-24T18:24:56","slug":"retour-sur-le-conseil-communal-du-17-avril","status":"publish","type":"post","link":"https:\/\/enghien.ecolo.be\/nl\/2025\/04\/19\/retour-sur-le-conseil-communal-du-17-avril\/","title":{"rendered":"Terugblik op de gemeenteraad van 17 april"},"content":{"rendered":"<p><\/p>\n<div class=\"xdj266r x11i5rnm xat24cr x1mh8g0r x1vvkbs x126k92a\">\n<div dir=\"auto\">Tijdens de gemeenteraad van deze donderdag hebben de gekozen ecologen drie kwesties op tafel gelegd die van bijzonder belang zijn voor de kinderen en jongeren van onze gemeente: de toekomst van de cr\u00e8che van Marcq, de aanleg van een nieuwe skateboardhelling en het arbitraire ontslag van de directie van Nautisport.<\/div>\n<\/div>\n<div class=\"x11i5rnm xat24cr x1mh8g0r x1vvkbs xtlvy1s x126k92a\">\n<div dir=\"auto\"><span class=\"html-span xexx8yu x4uap5 x18d9i69 xkhd6sd x1hl2dhg x16tdsg8 x1vvkbs x3nfvp2 x1j61x8r x1fcty0u xdj266r xat24cr xgzva0m xhhsvwb xxymvpz xlup9mm x1kky2od\"><img loading=\"lazy\" decoding=\"async\" class=\"xz74otr x168nmei x13lgxp2 x5pf9jr xo71vjh aligncenter\" src=\"https:\/\/static.xx.fbcdn.net\/images\/emoji.php\/v9\/t7a\/1\/16\/31_20e3.png\" alt=\"1\ufe0f\u20e3\" width=\"16\" height=\"16\" \/><\/span><\/div>\n<\/div>\n<div class=\"x11i5rnm xat24cr x1mh8g0r x1vvkbs xtlvy1s x126k92a\">\n<div dir=\"auto\">\n<p>Hoe zit het met de toekomst van de cr\u00e8che Lilliputiens in Marcq?<br \/>\nDe meerderheid had aangekondigd dat ze deze bijzonder belangrijke kwestie voor de gezinnen van Edingen zou opvolgen, maar het punt stond niet op de agenda van de gemeenteraad.<br \/>\nECOLO heeft het daarom toegevoegd.<br \/>\nOns ECOLO-parlementslid B\u00e9n\u00e9dicte Linard heeft de minister van Kinderzaken, Val\u00e9rie Lescrenier (Les Engag\u00e9s), opnieuw aan de tand gevoeld in het parlement, maar ze had het niet over het verlies van deze 20 cr\u00e8cheplaatsen in Marcq. ECOLO stelde daarom een actuele vraag en somde een aantal mogelijke oplossingen op die de meerderheid had kunnen onderzoeken om deze plaatsen te redden.<br \/>\nGezien de gegeven antwoorden is het duidelijk dat de meerderheid weinig heeft gedaan om deze oplossingen op korte termijn te onderzoeken en zich tevreden heeft gesteld met te klagen dat ze \u201ceen ingewikkeld dossier had ge\u00ebrfd\u201d. Ter herinnering: tijdens de vorige legislatuur zijn zowel <span class=\"html-span xdj266r x11i5rnm xat24cr x1mh8g0r xexx8yu x4uap5 x18d9i69 xkhd6sd x1hl2dhg x16tdsg8 x1vvkbs\"><a class=\"x1i10hfl xjbqb8w x1ejq31n xd10rxx x1sy0etr x17r0tee x972fbf xcfux6l x1qhh985 xm0m39n x9f619 x1ypdohk xt0psk2 xe8uvvx xdj266r x11i5rnm xat24cr x1mh8g0r xexx8yu x4uap5 x18d9i69 xkhd6sd x16tdsg8 x1hl2dhg xggy1nq x1a2a7pz xkrqix3 x1sur9pj x1fey0fg x1s688f\" role=\"link\" href=\"https:\/\/www.facebook.com\/dominique.eggermont.9?__cft__[0]=AZXUlqjMFlAQjf3VrexZa2Y8_rGIxi7Ap-YRfNHf9RtcfdGWCrloGojn5todz7cPNwfzt9k0Uh-cGHEz6JMAdm52vKR2qRc7lRnP5OOSmZC6BQdgYAGp7Zjmc5ySMaNW8nEiucvX2biMZymSDJMv4hr7&amp;__tn__=-]K-R\"><span class=\"xt0psk2\"><span class=\"xjp7ctv\">Dominique Eggermont<\/span><\/span><\/a><\/span> als de minister van Kinderopvang er ondanks de moeilijkheden in geslaagd om het kinderdagverblijf open te houden.<br \/>\nDaarom betreuren we de sluiting van het kinderdagverblijf&#8230; We hopen dat de meerderheid toch meer zal investeren in de ondersteuning van de 37 gezinnen die getroffen worden door de sluiting, evenals het superteam van het kinderdagverblijf dat een nieuwe job zal moeten zoeken. En dat er alles aan gedaan zal worden om ervoor te zorgen dat ouders en toekomstige ouders in onze gemeenschap deze plaatsen niet verliezen. We zullen zien of de meerderheid zich aan haar beloften houdt&#8230;<\/p>\n<\/div>\n<\/div>\n<div class=\"x11i5rnm xat24cr x1mh8g0r x1vvkbs xtlvy1s x126k92a\">\n<div dir=\"auto\"><span class=\"html-span xexx8yu x4uap5 x18d9i69 xkhd6sd x1hl2dhg x16tdsg8 x1vvkbs x3nfvp2 x1j61x8r x1fcty0u xdj266r xat24cr xgzva0m xhhsvwb xxymvpz xlup9mm x1kky2od\"><img loading=\"lazy\" decoding=\"async\" class=\"xz74otr x168nmei x13lgxp2 x5pf9jr xo71vjh aligncenter\" src=\"https:\/\/static.xx.fbcdn.net\/images\/emoji.php\/v9\/t99\/1\/16\/32_20e3.png\" alt=\"2\ufe0f\u20e3\" width=\"16\" height=\"16\" \/><\/span>De verwijdering van de skateboardhelling.<br \/>\n<span class=\"html-span xdj266r x11i5rnm xat24cr x1mh8g0r xexx8yu x4uap5 x18d9i69 xkhd6sd x1hl2dhg x16tdsg8 x1vvkbs\"><a class=\"x1i10hfl xjbqb8w x1ejq31n xd10rxx x1sy0etr x17r0tee x972fbf xcfux6l x1qhh985 xm0m39n x9f619 x1ypdohk xt0psk2 xe8uvvx xdj266r x11i5rnm xat24cr x1mh8g0r xexx8yu x4uap5 x18d9i69 xkhd6sd x16tdsg8 x1hl2dhg xggy1nq x1a2a7pz xkrqix3 x1sur9pj x1fey0fg x1s688f\" role=\"link\" href=\"https:\/\/www.facebook.com\/larissa.fontana.lf?__cft__[0]=AZXUlqjMFlAQjf3VrexZa2Y8_rGIxi7Ap-YRfNHf9RtcfdGWCrloGojn5todz7cPNwfzt9k0Uh-cGHEz6JMAdm52vKR2qRc7lRnP5OOSmZC6BQdgYAGp7Zjmc5ySMaNW8nEiucvX2biMZymSDJMv4hr7&amp;__tn__=-]K-R\"><span class=\"xt0psk2\"><span class=\"xjp7ctv\">Larissa Fontana<\/span><\/span><\/a><\/span> stelde de meerderheid een vraag over de aangekondigde sluiting van de skateboardhelling, ge\u00efnstalleerd op het drijvende podium in het park.<br \/>\nDeze helling was een ontmoetingsplaats voor jongeren, een ruimte \u201cvoor het grijpen\u201d, maar het was ook een ruimte die de nabijgelegen kinderspeelplaats aanvulde, die was aangelegd dankzij het werk van de ecologen tijdens de vorige legislatuur.<br \/>\nVoor ECOLO is het van vitaal belang dat iedereen in Edingen zijn plaats kan vinden, zowel volwassenen, ouderen als de nieuwe generatie: dat baby&#8217;s toegang hebben tot een cr\u00e8che, dat jonge kinderen toegang hebben tot veilige en aangename speelplaatsen en dat tieners zich kunnen ontplooien op plaatsen die bij hen passen.<br \/>\nWe wilden dus weten welke alternatieven de meerderheid zou voorstellen aan de jongeren van Edingen die zich deze plek eigen hebben gemaakt. Ook hier moeten we toegeven dat de meerderheid niet erg gemobiliseerd is. De locoburgemeester van Jeugd vindt zelfs dat er eerst een jeugdraad moet worden opgericht &#8211; die nog nergens bestaat &#8211; voordat er misschien wordt gekeken naar de kwestie van een nieuw skatepark. Kortom, het gaat nog niet gebeuren&#8230;<\/div>\n<\/div>\n<div class=\"x11i5rnm xat24cr x1mh8g0r x1vvkbs xtlvy1s x126k92a\">\n<div dir=\"auto\"><span class=\"html-span xexx8yu x4uap5 x18d9i69 xkhd6sd x1hl2dhg x16tdsg8 x1vvkbs x3nfvp2 x1j61x8r x1fcty0u xdj266r xat24cr xgzva0m xhhsvwb xxymvpz xlup9mm x1kky2od\"><img loading=\"lazy\" decoding=\"async\" class=\"xz74otr x168nmei x13lgxp2 x5pf9jr xo71vjh aligncenter\" src=\"https:\/\/static.xx.fbcdn.net\/images\/emoji.php\/v9\/tb8\/1\/16\/33_20e3.png\" alt=\"3\ufe0f\u20e3\" width=\"16\" height=\"16\" \/><\/span>Onrechtmatig ontslag van de directeur van Nautisport.<br \/>\n\u201cMijn eerste kwaliteit is eerlijkheid\u201d, zei de burgemeester in de vorige editie van het Nieuws. Tijdens de gemeenteraad van 17 april werden deze woorden op uiterst bittere toon herhaald. Terwijl de directeur van Nautisport zijn ontslag vernam via de pers en geen ontslagbrief ontving, beweerde burgemeester Marc Vanderstichelen het tegendeel. Ofwel is de burgemeester zeer slecht ge\u00efnformeerd door zijn troepen in het uitvoerend comit\u00e9 van Nautisport, ofwel is dit een schaamteloze leugen tegen de bevolking van Edingen, wat onvergeeflijk zou zijn.<br \/>\nECOLO maakte van een update over het beheerscontract van Nautisport gebruik om erop te wijzen dat Belgi\u00eb een rechtsstaat is, dat de meerderheid zich aan de wet moet houden (ontslag moet per aangetekende brief worden meegedeeld) en dat de wet bepaalt dat alleen de Raad van Bestuur van Nautisport over ontslag kan beslissen. Het bestuur van Nautisport heeft echter, na de totaal ongegronde beschuldigingen van wethouder van Sport S\u00e9bastien Vanbelle te hebben ontkracht, alleen een mandaat gegeven om een minnelijk vertrek mogelijk te maken, zoals onze PS-collega, die aanwezig was in het bestuur van Nautisport, aangaf.<br \/>\nDe actie van de meerderheid in deze zaak vormt een bedreiging voor onze regels en instellingen, en ECOLO veroordeelt dit krachtig.<\/div>\n<\/div>\n<div class=\"x11i5rnm xat24cr x1mh8g0r x1vvkbs xtlvy1s x126k92a\">\n<div dir=\"auto\"><span class=\"html-span xexx8yu x4uap5 x18d9i69 xkhd6sd x1hl2dhg x16tdsg8 x1vvkbs x3nfvp2 x1j61x8r x1fcty0u xdj266r xat24cr xgzva0m xhhsvwb xxymvpz xlup9mm x1kky2od\"><img loading=\"lazy\" decoding=\"async\" class=\"xz74otr x168nmei x13lgxp2 x5pf9jr xo71vjh aligncenter\" src=\"https:\/\/static.xx.fbcdn.net\/images\/emoji.php\/v9\/td7\/1\/16\/34_20e3.png\" alt=\"4\ufe0f\u20e3\" width=\"16\" height=\"16\" \/><\/span>Opname in het gemeentelijke wegennet.<br \/>\nDe gemeenteraad heeft besloten om positief te reageren op een verzoek van de meerderheid van de MR-Engag\u00e9s aan het Waals Gewest om de Hoves-Montgom\u00e9rystraat, de Grote Marktstraat, de Brusselsestraat, de H\u00e9rinnesstraat en de IJzerstraat op te nemen in het gemeentelijke wegennet.<br \/>\nOns gemeenteraadslid, <span class=\"html-span xdj266r x11i5rnm xat24cr x1mh8g0r xexx8yu x4uap5 x18d9i69 xkhd6sd x1hl2dhg x16tdsg8 x1vvkbs\"><a class=\"x1i10hfl xjbqb8w x1ejq31n xd10rxx x1sy0etr x17r0tee x972fbf xcfux6l x1qhh985 xm0m39n x9f619 x1ypdohk xt0psk2 xe8uvvx xdj266r x11i5rnm xat24cr x1mh8g0r xexx8yu x4uap5 x18d9i69 xkhd6sd x16tdsg8 x1hl2dhg xggy1nq x1a2a7pz xkrqix3 x1sur9pj x1fey0fg x1s688f\" role=\"link\" href=\"https:\/\/www.facebook.com\/profile.php?id=100033674183767&amp;__cft__[0]=AZXUlqjMFlAQjf3VrexZa2Y8_rGIxi7Ap-YRfNHf9RtcfdGWCrloGojn5todz7cPNwfzt9k0Uh-cGHEz6JMAdm52vKR2qRc7lRnP5OOSmZC6BQdgYAGp7Zjmc5ySMaNW8nEiucvX2biMZymSDJMv4hr7&amp;__tn__=-]K-R\"><span class=\"xt0psk2\"><span class=\"xjp7ctv\">Nathalie Vast<\/span><\/span><\/a><\/span>, wees erop dat terwijl de Hoves-Montgom\u00e9rystraat momenteel wordt gerenoveerd en binnenkort een gezellige ruimte zal worden, de andere betrokken straten al veel ouder zijn en in de nabije toekomst zeker renovatiewerken zullen moeten ondergaan. Zou de meerderheid zich hebben laten misleiden door de Regio, want vanaf nu zullen alle kosten van deze werken gedragen moeten worden door de gemeente! Mooie gerenoveerde straten overnemen: JA! Maar wegen overnemen en de werken zelf moeten betalen omdat het Gewest zijn werk niet heeft gedaan: NEE! Dit zal natuurlijk een enorme druk leggen op de financi\u00ebn van de gemeente&#8230;<\/p>\n<p>Foto: Gilles Havet<\/p>\n<\/div>\n<\/div>\n<p><\/p>","protected":false},"excerpt":{"rendered":"<p>Tijdens de gemeenteraad van deze donderdag hebben de gekozen ecologen drie kwesties op tafel gelegd die van bijzonder belang zijn voor de kinderen en jongeren van onze gemeente: de toekomst van de cr\u00e8che van Marcq, de aanleg van een nieuwe skateboardhelling en het arbitraire ontslag van de directie van Nautisport. Hoe zit het met de &hellip;<\/p>\n","protected":false},"author":1555,"featured_media":3784,"comment_status":"open","ping_status":"open","sticky":false,"template":"","format":"standard","meta":{"_acf_changed":false,"_et_pb_use_builder":"","_et_pb_old_content":"","_et_gb_content_width":"","footnotes":""},"categories":[25,4,3,6,31],"tags":[],"class_list":["post-3783","post","type-post","status-publish","format-standard","has-post-thumbnail","hentry","category-a-la-une","category-actualites","category-conseil-communal","category-ecolo-enghien","category-les-echos-du-conseil"],"acf":[],"_links":{"self":[{"href":"https:\/\/enghien.ecolo.be\/nl\/wp-json\/wp\/v2\/posts\/3783","targetHints":{"allow":["GET"]}}],"collection":[{"href":"https:\/\/enghien.ecolo.be\/nl\/wp-json\/wp\/v2\/posts"}],"about":[{"href":"https:\/\/enghien.ecolo.be\/nl\/wp-json\/wp\/v2\/types\/post"}],"author":[{"embeddable":true,"href":"https:\/\/enghien.ecolo.be\/nl\/wp-json\/wp\/v2\/users\/1555"}],"replies":[{"embeddable":true,"href":"https:\/\/enghien.ecolo.be\/nl\/wp-json\/wp\/v2\/comments?post=3783"}],"version-history":[{"count":1,"href":"https:\/\/enghien.ecolo.be\/nl\/wp-json\/wp\/v2\/posts\/3783\/revisions"}],"predecessor-version":[{"id":3787,"href":"https:\/\/enghien.ecolo.be\/nl\/wp-json\/wp\/v2\/posts\/3783\/revisions\/3787"}],"wp:featuredmedia":[{"embeddable":true,"href":"https:\/\/enghien.ecolo.be\/nl\/wp-json\/wp\/v2\/media\/3784"}],"wp:attachment":[{"href":"https:\/\/enghien.ecolo.be\/nl\/wp-json\/wp\/v2\/media?parent=3783"}],"wp:term":[{"taxonomy":"category","embeddable":true,"href":"https:\/\/enghien.ecolo.be\/nl\/wp-json\/wp\/v2\/categories?post=3783"},{"taxonomy":"post_tag","embeddable":true,"href":"https:\/\/enghien.ecolo.be\/nl\/wp-json\/wp\/v2\/tags?post=3783"}],"curies":[{"name":"wp","href":"https:\/\/api.w.org\/{rel}","templated":true}]}}