{"id":368,"date":"2014-02-07T12:52:00","date_gmt":"2014-02-07T11:52:00","guid":{"rendered":"http:\/\/enghien.ecolo.me\/2014\/02\/07\/chapelle-des-augustins\/"},"modified":"2016-12-16T07:34:12","modified_gmt":"2016-12-16T06:34:12","slug":"chapelle-des-augustins","status":"publish","type":"post","link":"https:\/\/enghien.ecolo.be\/nl\/2014\/02\/07\/chapelle-des-augustins\/","title":{"rendered":"Chapelle des Augustins"},"content":{"rendered":"<p class=\"post_excerpt\">La structure lourde qui soutenait la chapelle des Augustins a \u00e9t\u00e9 remplac\u00e9e par une structure moins encombrante. La circulation est donc \u00e0 nouveau possible dans la rue des Augustins&#8230; En attendant des travaux de r\u00e9novation ?<\/p>\n<p><!--more--><br \/>\nNotre d\u00e9put\u00e9e locale, B\u00e9n\u00e9dicte Linard, a interrog\u00e9 le Ministre Carlo Di Antonio pour connaitre les raisons de l&#8217;absence de projet concret de r\u00e9novation de la chapelle des Augustins dont un pilier s&#8217;est effondr\u00e9 au mois d\u2019ao\u00fbt 2012.<\/p>\n<p>La r\u00e9ponse du Ministre permet de comprendre o\u00f9 en sont les propri\u00e9taires &#8211; la soci\u00e9t\u00e9 LIXON &#8211; dans leurs d\u00e9marches et pourquoi la R\u00e9gion rechigne \u00e0 accorder un permis et des subventions pour ces travaux.<\/p>\n<p>La question parlementaire et sa r\u00e9ponse sont consultables en ligne, \u00e0 l&#8217;adresse http:\/\/parlement.wallonie.be\/content\/default.php?p=04-03-02&#038;type=28&#038;id_doc=52772  <\/p>\n","protected":false},"excerpt":{"rendered":"<p>La structure lourde qui soutenait la chapelle des Augustins a \u00e9t\u00e9 remplac\u00e9e par une structure moins encombrante. La circulation est donc \u00e0 nouveau possible dans la rue des Augustins&#8230; En attendant des travaux de r\u00e9novation ?<\/p>\n","protected":false},"author":643,"featured_media":367,"comment_status":"closed","ping_status":"open","sticky":false,"template":"","format":"standard","meta":{"_acf_changed":false,"_et_pb_use_builder":"","_et_pb_old_content":"","_et_gb_content_width":"","footnotes":""},"categories":[11],"tags":[],"class_list":["post-368","post","type-post","status-publish","format-standard","has-post-thumbnail","hentry","category-culture"],"acf":[],"_links":{"self":[{"href":"https:\/\/enghien.ecolo.be\/nl\/wp-json\/wp\/v2\/posts\/368","targetHints":{"allow":["GET"]}}],"collection":[{"href":"https:\/\/enghien.ecolo.be\/nl\/wp-json\/wp\/v2\/posts"}],"about":[{"href":"https:\/\/enghien.ecolo.be\/nl\/wp-json\/wp\/v2\/types\/post"}],"author":[{"embeddable":true,"href":"https:\/\/enghien.ecolo.be\/nl\/wp-json\/wp\/v2\/users\/643"}],"replies":[{"embeddable":true,"href":"https:\/\/enghien.ecolo.be\/nl\/wp-json\/wp\/v2\/comments?post=368"}],"version-history":[{"count":1,"href":"https:\/\/enghien.ecolo.be\/nl\/wp-json\/wp\/v2\/posts\/368\/revisions"}],"predecessor-version":[{"id":658,"href":"https:\/\/enghien.ecolo.be\/nl\/wp-json\/wp\/v2\/posts\/368\/revisions\/658"}],"wp:featuredmedia":[{"embeddable":true,"href":"https:\/\/enghien.ecolo.be\/nl\/wp-json\/wp\/v2\/media\/367"}],"wp:attachment":[{"href":"https:\/\/enghien.ecolo.be\/nl\/wp-json\/wp\/v2\/media?parent=368"}],"wp:term":[{"taxonomy":"category","embeddable":true,"href":"https:\/\/enghien.ecolo.be\/nl\/wp-json\/wp\/v2\/categories?post=368"},{"taxonomy":"post_tag","embeddable":true,"href":"https:\/\/enghien.ecolo.be\/nl\/wp-json\/wp\/v2\/tags?post=368"}],"curies":[{"name":"wp","href":"https:\/\/api.w.org\/{rel}","templated":true}]}}