{"id":364,"date":"2014-02-08T07:16:00","date_gmt":"2014-02-08T06:16:00","guid":{"rendered":"http:\/\/enghien.ecolo.me\/2014\/02\/08\/des-initiatives-et-des-craintes\/"},"modified":"2016-12-16T07:34:12","modified_gmt":"2016-12-16T06:34:12","slug":"des-initiatives-et-des-craintes","status":"publish","type":"post","link":"https:\/\/enghien.ecolo.be\/nl\/2014\/02\/08\/des-initiatives-et-des-craintes\/","title":{"rendered":"Des initiatives et des craintes pour l&#8217;emploi"},"content":{"rendered":"<p class=\"post_excerpt\">Le 23 janvier, le Conseil communal s&#8217;est pench\u00e9 sur la situation de l&#8217;emploi \u00e0 Enghien. Beaucoup d&#8217;initiatives existent pour aider \u00e0 l&#8217;insertion socioprofessionnelle ou \u00e0 la recherche d&#8217;un emploi&#8230; Des craintes aussi : quelles seront les r\u00e9percussions \u00e0 Enghien des mesures d&#8217;exclusion du ch\u00f4mage prises par le gouvernement f\u00e9d\u00e9ral ?<\/p>\n<p><!--more--><br \/>\nProfitant d&#8217;une p\u00e9riode de l&#8217;ann\u00e9e o\u00f9 il y a moins de dossiers \u00e0 l&#8217;agenda, le Conseil communal a invit\u00e9 des acteurs locaux actifs sur le terrain de l&#8217;emploi. <\/p>\n<p>La R\u00e9gie de Quartier et l&#8217;AID Escale ont pr\u00e9sent\u00e9 leurs activit\u00e9s en mati\u00e8re d&#8217;insertion socioprofessionnelle. En proposant des formations aux m\u00e9tiers du b\u00e2timent ou \u00e0 l&#8217;entretien des espaces verts, ces associations accueillent des personnes (souvent des jeunes) exclues depuis longtemps du march\u00e9 de l&#8217;emploi. Gr\u00e2ce \u00e0 l&#8217;accompagnement et aux conseils d&#8217;ouvriers compagnons, celles-ci reprennent confiance et disposent d&#8217;atouts suppl\u00e9mentaires pour retrouver un vrai travail.<\/p>\n<p>Le projet actuel de la r\u00e9gie de quartiers consiste \u00e0 construire un rucher p\u00e9dagogique au sein du Parc d&#8217;Enghien. Initiative en partenariat avec l&#8217;AID escale entre autres pour y installer une toiture verte.<\/p>\n<p>Le service HOPE, install\u00e9 dans l&#8217;H\u00f4tel de Ville, offre quant \u00e0 lui un service de job coaching \u00e0 destination des porteurs de projet ou des demandeurs d&#8217;emploi, jeunes ou moins jeunes. Des formations sont ici aussi organis\u00e9es. Le service HOPE met \u00e9galement en relation les demandeurs d&#8217;emploi avec les soci\u00e9t\u00e9s qui recrutent dans la r\u00e9gion d&#8217;Enghien. N&#8217;h\u00e9sitez pas \u00e0 prendre contact avec ce service si vous voulez optimaliser votre recherche d&#8217;emploi.<\/p>\n<p>Enfin, le CPAS a pr\u00e9sent\u00e9 les initiatives qu&#8217;il prend pour r\u00e9ins\u00e9rer des personnes exclues du ch\u00f4mage dans le cadre du dispositif &#8220;article 60&#8221;. <\/p>\n<p>Toutes ces initiatives prises au niveau local aident les personnes en difficult\u00e9. Malheureusement, les chiffres sont implacables. En Wallonie, il y a 39,4 demandeurs par offre d&#8217;emploi (chiffres SPF emploi &#8211; 2009) ! Avec l&#8217;augmentation de la population active et la diminution des emplois, la Belgique n&#8217;a donc clairement plus assez de travail pour tout le monde&#8230;<\/p>\n<p>ECOLO ne comprend d\u00e8s lors pas du tout les mesures qui mettent la pression sur les ch\u00f4meurs, instaur\u00e9es par le gouvernement Di Rupo \u00e0 la demande pressante des partis lib\u00e9raux. Faire croire que les ch\u00f4meurs sont responsables de leur situation et qu&#8217;ils n&#8217;ont qu&#8217;\u00e0 se bouger pour trouver du travail est un mensonge grossier. <\/p>\n<p>Le renforcement des sanctions qui conduisent \u00e0 l&#8217;exclusion est une mesure injuste qui stigmatise les ch\u00f4meurs, alors que ceux-ci r\u00e9investissent imm\u00e9diatement dans l&#8217;\u00e9conomie locale les allocations qu&#8217;ils touchent. Les priver de ces allocations revient donc aussi \u00e0 p\u00e9naliser l&#8217;\u00e9conomie locale et oblige en outre les CPAS \u00e0 payer des revenus d&#8217;insertion sociale (RIS) qui mettent \u00e0 mal les finances communales.<\/p>\n<p>Alli\u00e9s au gouvernement f\u00e9d\u00e9ral, PS, MR et cdH ont commis une erreur \u00e9norme en prenant cette d\u00e9cision. Concr\u00e8tement, selon les chiffres de la FGTB, 55.000 belges vont \u00eatre exclus de leur droit aux allocations de ch\u00f4mage en 2015 (27.300 selon l&#8217;ONEM). \u00c0 Enghien, o\u00f9 le taux de ch\u00f4mage est de 11%, ce seront quelques 60 personnes qui seront ainsi exclues et renvoy\u00e9es vers le CPAS&#8230; Ces mesures d&#8217;exclusion toucheront particuli\u00e8rement les femmes et les jeunes. <\/p>\n<p>ECOLO propose une approche positive qui met la priorit\u00e9 sur la cr\u00e9ation d&#8217;emplois non d\u00e9localisables, \u00e0 l&#8217;instar de la dynamique lanc\u00e9e en Wallonie via le Plan Marshall 2.vert. Les secteurs de la construction durable, des \u00e9nergies renouvelables, du recyclage des d\u00e9chets, des circuits courts, de la recherche et de l&#8217;innovation ainsi que le d\u00e9veloppement des services aux personnes offrent un potentiel important en la mati\u00e8re.<\/p>\n<p>En parall\u00e8le, afin d&#8217;aider les jeunes de 18 \u00e0 25 ans \u00e0 entrer sur le march\u00e9 du travail, ECOLO propose de cr\u00e9er un contrat jeunes. <\/p>\n<p>Plus d&#8217;infos sur :<\/p>\n<blockquote class=\"wp-embedded-content\" data-secret=\"TDwpN31lt2\"><p><a href=\"https:\/\/ecolo.be\/\">Accueil<\/a><\/p><\/blockquote>\n<p><iframe loading=\"lazy\" class=\"wp-embedded-content\" sandbox=\"allow-scripts\" security=\"restricted\" style=\"position: absolute; clip: rect(1px, 1px, 1px, 1px);\" title=\"\u00ab\u00a0Accueil\u00a0\u00bb &#8212; Ecolo\" src=\"https:\/\/ecolo.be\/embed\/#?secret=3DuAtcIcu4#?secret=TDwpN31lt2\" data-secret=\"TDwpN31lt2\" width=\"500\" height=\"282\" frameborder=\"0\" marginwidth=\"0\" marginheight=\"0\" scrolling=\"no\"><\/iframe><\/p>\n","protected":false},"excerpt":{"rendered":"<p>Le 23 janvier, le Conseil communal s&#8217;est pench\u00e9 sur la situation de l&#8217;emploi \u00e0 Enghien. Beaucoup d&#8217;initiatives existent pour aider \u00e0 l&#8217;insertion socioprofessionnelle ou \u00e0 la recherche d&#8217;un emploi&#8230; Des craintes aussi : quelles seront les r\u00e9percussions \u00e0 Enghien des mesures d&#8217;exclusion du ch\u00f4mage prises par le gouvernement f\u00e9d\u00e9ral ?<\/p>\n","protected":false},"author":643,"featured_media":363,"comment_status":"closed","ping_status":"open","sticky":false,"template":"","format":"standard","meta":{"_acf_changed":false,"_et_pb_use_builder":"","_et_pb_old_content":"","_et_gb_content_width":"","footnotes":""},"categories":[20],"tags":[],"class_list":["post-364","post","type-post","status-publish","format-standard","has-post-thumbnail","hentry","category-economie"],"acf":[],"_links":{"self":[{"href":"https:\/\/enghien.ecolo.be\/nl\/wp-json\/wp\/v2\/posts\/364","targetHints":{"allow":["GET"]}}],"collection":[{"href":"https:\/\/enghien.ecolo.be\/nl\/wp-json\/wp\/v2\/posts"}],"about":[{"href":"https:\/\/enghien.ecolo.be\/nl\/wp-json\/wp\/v2\/types\/post"}],"author":[{"embeddable":true,"href":"https:\/\/enghien.ecolo.be\/nl\/wp-json\/wp\/v2\/users\/643"}],"replies":[{"embeddable":true,"href":"https:\/\/enghien.ecolo.be\/nl\/wp-json\/wp\/v2\/comments?post=364"}],"version-history":[{"count":1,"href":"https:\/\/enghien.ecolo.be\/nl\/wp-json\/wp\/v2\/posts\/364\/revisions"}],"predecessor-version":[{"id":656,"href":"https:\/\/enghien.ecolo.be\/nl\/wp-json\/wp\/v2\/posts\/364\/revisions\/656"}],"wp:featuredmedia":[{"embeddable":true,"href":"https:\/\/enghien.ecolo.be\/nl\/wp-json\/wp\/v2\/media\/363"}],"wp:attachment":[{"href":"https:\/\/enghien.ecolo.be\/nl\/wp-json\/wp\/v2\/media?parent=364"}],"wp:term":[{"taxonomy":"category","embeddable":true,"href":"https:\/\/enghien.ecolo.be\/nl\/wp-json\/wp\/v2\/categories?post=364"},{"taxonomy":"post_tag","embeddable":true,"href":"https:\/\/enghien.ecolo.be\/nl\/wp-json\/wp\/v2\/tags?post=364"}],"curies":[{"name":"wp","href":"https:\/\/api.w.org\/{rel}","templated":true}]}}