{"id":362,"date":"2014-02-15T11:09:00","date_gmt":"2014-02-15T10:09:00","guid":{"rendered":"http:\/\/enghien.ecolo.me\/2014\/02\/15\/lasemo-revient-en-2014\/"},"modified":"2016-12-16T07:34:12","modified_gmt":"2016-12-16T06:34:12","slug":"lasemo-revient-en-2014","status":"publish","type":"post","link":"https:\/\/enghien.ecolo.be\/nl\/2014\/02\/15\/lasemo-revient-en-2014\/","title":{"rendered":"LaSemo revient en 2014 !"},"content":{"rendered":"<p class=\"post_excerpt\">Le Conseil communal a adopt\u00e9 une convention avec les organisateurs de LaSemo qui pr\u00e9voit l&#8217;organisation du festival \u00e0 Enghien pendant trois nouvelles ann\u00e9es au moins. Retour en force de la musique et des arts de la rue dans notre Parc, les 11, 12 et 13 juillet !<\/p>\n<p><!--more--><br \/>\n<img loading=\"lazy\" decoding=\"async\" class=\" alignleft size-full wp-image-361\" src=\"http:\/\/enghien.ecolo.me\/wp-content\/uploads\/sites\/462\/2014\/02\/jpg_LaSemo_2013_2_.jpg\" alt=\"LaSemo_2013_2_.jpg\" align=\"left\" width=\"310\" height=\"199\" srcset=\"https:\/\/enghien.ecolo.be\/wp-content\/uploads\/sites\/462\/2014\/02\/jpg_LaSemo_2013_2_.jpg 310w, https:\/\/enghien.ecolo.be\/wp-content\/uploads\/sites\/462\/2014\/02\/jpg_LaSemo_2013_2_-300x193.jpg 300w\" sizes=\"(max-width: 310px) 100vw, 310px\" \/>Apr\u00e8s une organisation impeccable en 2013 et maintenant que les craintes ont laiss\u00e9 la place \u00e0 un enthousiasme quasiment unanime, il fallait n\u00e9gocier une convention pour que LaSemo s&#8217;installe durablement chez nous. Ce 23 janvier, le Conseil communal a adopt\u00e9 un texte qui fixe les modalit\u00e9s de cet accueil pour trois nouvelles ann\u00e9es.<\/p>\n<p>Pour attirer le festival \u00e0 Enghien, lors de sa premi\u00e8re \u00e9dition, la Ville aura finalement d\u00e9pens\u00e9 12.000\u20ac. La nouvelle convention maintient les aides mat\u00e9rielles et financi\u00e8res accord\u00e9es aux organisateurs mais offre \u00e0 la commune h\u00f4te la possibilit\u00e9 de trouver des recettes qui couvriront \u00e0 pr\u00e9sent l\u2019enti\u00e8ret\u00e9 de ces frais. LaSemo aidera la Ville \u00e0 trouver des sponsors pour financer les d\u00e9penses communales, voire m\u00eame pour d\u00e9gager progressivement du b\u00e9n\u00e9fice.<\/p>\n<p>Rappelons toutefois que les retomb\u00e9es d&#8217;un tel \u00e9v\u00e9nement ne se mesurent pas uniquement au niveau du bilan pour la caisse communale. Les milliers de b\u00e9n\u00e9voles et festivaliers qui campent chez nous pendant toute la dur\u00e9e du festival font abondamment tourner l&#8217;\u00e9conomie locale. <\/p>\n<p>Par ailleurs, l&#8217;impact m\u00e9diatique est immense. La vitrine offerte \u00e0 Enghien et \u00e0 son Parc par le festival LaSemo est sans aucun doute la plus importante de ces derni\u00e8res ann\u00e9es : JT de la RTBF, nombreux directs sur NoTele et couverture abondante dans la presse \u00e9crite&#8230; LaSemo contribue largement \u00e0 donner une image dynamique de notre ville et \u00e0 attirer vers Enghien le regard de personnes qui ne connaissent pas assez nos atouts.<\/p>\n<p>Cette ann\u00e9e, le Centre culturel et les commer\u00e7ants s&#8217;associeront \u00e0 la Ville pour organiser un \u00e9v\u00e9nement dans les rues d&#8217;Enghien en lien avec le festival LaSemo. Des pr\u00e9cisions sur ce nouveau projet seront apport\u00e9es dans les prochaines semaines.<\/p>\n","protected":false},"excerpt":{"rendered":"<p>Le Conseil communal a adopt\u00e9 une convention avec les organisateurs de LaSemo qui pr\u00e9voit l&#8217;organisation du festival \u00e0 Enghien pendant trois nouvelles ann\u00e9es au moins. Retour en force de la musique et des arts de la rue dans notre Parc, les 11, 12 et 13 juillet !<\/p>\n","protected":false},"author":643,"featured_media":360,"comment_status":"closed","ping_status":"open","sticky":false,"template":"","format":"standard","meta":{"_acf_changed":false,"_et_pb_use_builder":"","_et_pb_old_content":"","_et_gb_content_width":"","footnotes":""},"categories":[11],"tags":[],"class_list":["post-362","post","type-post","status-publish","format-standard","has-post-thumbnail","hentry","category-culture"],"acf":[],"_links":{"self":[{"href":"https:\/\/enghien.ecolo.be\/nl\/wp-json\/wp\/v2\/posts\/362","targetHints":{"allow":["GET"]}}],"collection":[{"href":"https:\/\/enghien.ecolo.be\/nl\/wp-json\/wp\/v2\/posts"}],"about":[{"href":"https:\/\/enghien.ecolo.be\/nl\/wp-json\/wp\/v2\/types\/post"}],"author":[{"embeddable":true,"href":"https:\/\/enghien.ecolo.be\/nl\/wp-json\/wp\/v2\/users\/643"}],"replies":[{"embeddable":true,"href":"https:\/\/enghien.ecolo.be\/nl\/wp-json\/wp\/v2\/comments?post=362"}],"version-history":[{"count":1,"href":"https:\/\/enghien.ecolo.be\/nl\/wp-json\/wp\/v2\/posts\/362\/revisions"}],"predecessor-version":[{"id":654,"href":"https:\/\/enghien.ecolo.be\/nl\/wp-json\/wp\/v2\/posts\/362\/revisions\/654"}],"wp:featuredmedia":[{"embeddable":true,"href":"https:\/\/enghien.ecolo.be\/nl\/wp-json\/wp\/v2\/media\/360"}],"wp:attachment":[{"href":"https:\/\/enghien.ecolo.be\/nl\/wp-json\/wp\/v2\/media?parent=362"}],"wp:term":[{"taxonomy":"category","embeddable":true,"href":"https:\/\/enghien.ecolo.be\/nl\/wp-json\/wp\/v2\/categories?post=362"},{"taxonomy":"post_tag","embeddable":true,"href":"https:\/\/enghien.ecolo.be\/nl\/wp-json\/wp\/v2\/tags?post=362"}],"curies":[{"name":"wp","href":"https:\/\/api.w.org\/{rel}","templated":true}]}}