{"id":358,"date":"2013-11-23T15:40:00","date_gmt":"2013-11-23T14:40:00","guid":{"rendered":"http:\/\/enghien.ecolo.me\/2013\/11\/23\/taxes-communales-le-vrai-et-le\/"},"modified":"2016-12-16T07:34:12","modified_gmt":"2016-12-16T06:34:12","slug":"taxes-communales-le-vrai-et-le","status":"publish","type":"post","link":"https:\/\/enghien.ecolo.be\/nl\/2013\/11\/23\/taxes-communales-le-vrai-et-le\/","title":{"rendered":"Taxes communales : le vrai et le faux !"},"content":{"rendered":"<p class=\"post_excerpt\">Lors de la premi\u00e8re ann\u00e9e d&#8217;une nouvelle l\u00e9gislature, il est de coutume de se prononcer sur les r\u00e8glements de taxes et redevances mis en place par la commune. A Enghien, l&#8217;exercice a eu lieu lors du Conseil communal du 7 novembre et, contrairement \u00e0 la rumeur aliment\u00e9e par certaines personnes qui n&#8217;ont pas r\u00e9alis\u00e9 une analyse  approfondie, il n&#8217;y a pas de pression fiscale suppl\u00e9mentaire sur les citoyens enghiennois : la majorit\u00e9 des taxes qui les concernent reste identique aux exercices pr\u00e9c\u00e9dents.<\/p>\n<p><!--more--><br \/>\nVoici dans le d\u00e9tail les r\u00e8glements de taxes qui ont \u00e9t\u00e9 adopt\u00e9s&#8230;<\/p>\n<p>1. Le montant des taxes a augment\u00e9 de mani\u00e8re significative : <strong>FAUX ! <\/strong> <\/p>\n<p>La grande majorit\u00e9 des taxes reste <strong>\u00e0 un niveau identique<\/strong>. Les taxes additionnelles sur le pr\u00e9compte immobilier et sur l&#8217;imp\u00f4t des personnes physiques par exemple ne changent pas. Il en est de m\u00eame pour la taxe sur l&#8217;enl\u00e8vement des d\u00e9chets ou l&#8217;\u00e9puration des eaux us\u00e9es, les tarifs demand\u00e9s aux Enghiennois en mati\u00e8re de documents d&#8217;identit\u00e9, les passeports ou les permis de conduire.<\/p>\n<p>2. Il y a beaucoup de nouvelles taxes : <strong>FAUX !<\/strong> <\/p>\n<p>Trois nouvelles taxes ont \u00e9t\u00e9 vot\u00e9es en ce d\u00e9but de l\u00e9gislature sur base des propositions du Gouvernement wallon. La premi\u00e8re concerne le <strong>d\u00e9p\u00f4t sauvage<\/strong> de d\u00e9chets. Cet incivisme porte pr\u00e9judice \u00e0 toute la population enghiennoise. Il nous semblait utile d&#8217;\u00e9tablir une taxe qui viendrait sanctionner le versage sauvage. <\/p>\n<p>La deuxi\u00e8me est hyper cibl\u00e9e puisqu&#8217;elle porte sur les \u00e9ventuels &#8220;<strong>portakabin<\/strong>&#8220;, modules qu&#8217;un commerce pourrait mettre sur la voie publique pour d\u00e9placer son activit\u00e9 le temps de gros travaux. Puisqu&#8217;il occupe la voie publique, ce module sera dor\u00e9navant tax\u00e9.<\/p>\n<p>La derni\u00e8re concerne les <strong>grandes surfaces commerciales<\/strong>  qui ne contribuaient pas directement au budget communal jusqu&#8217;ici alors que c&#8217;est le cas dans de nombreuses autres communes. Contrairement aux informations mensong\u00e8res qui ont circul\u00e9, cette taxe ne concerne qu&#8217;une quinzaine de magasins de plus de 400 m\u00b2.<\/p>\n<p>3. Certaines taxes sp\u00e9cifiques ont \u00e9t\u00e9 l\u00e9g\u00e8rement augment\u00e9es : <strong>VRAI !<\/strong> <\/p>\n<p>Les taxes sur les permis d&#8217;urbanisme, les permis d&#8217;environnement ou les recherches administratives seront d\u00e9sormais calcul\u00e9es sur le <strong>co\u00fbt r\u00e9el <\/strong> engendr\u00e9 aupr\u00e8s de la commune, celles sur les inhumations ou les exhumations, par exemple, augmenteront \u00e0 partir de 2014. La taxe sur les logements inoccup\u00e9s augmente \u00e9galement afin de lutter contre les b\u00e2timents vides. <\/p>\n<p>4. Une pression suppl\u00e9mentaire est mise sur la publicit\u00e9 : <strong>VRAI !<\/strong><\/p>\n<p>La taxe sur la distribution gratuite des \u00e9crits publicitaires augmentera en 2014. A titre d&#8217;exemple, si une grande surface distribue sa publicit\u00e9 aux 6000 m\u00e9nages d&#8217;Enghien,  elle devra payer un montant suppl\u00e9mentaire total allant de 12 \u00e0 32 euros en fonction du poids de son document. Et pour la  taxe sur les panneaux publicitaires, rien ne change pour les panneaux habituels, mais une augmentation est pr\u00e9vue pour les panneaux d\u00e9filants et lumineux qui s&#8217;installent petit \u00e0 petit \u00e0 Enghien.<\/p>\n<p>5. Des taxes sont modifi\u00e9es en faveur de l&#8217;activit\u00e9 \u00e9conomique : <strong>VRAI !<\/strong> <\/p>\n<p>La premi\u00e8re induit un tarif plus favorable que pr\u00e9c\u00e9demment pour <strong>les maraichers<\/strong> qui s&#8217;installent sur le march\u00e9 via un abonnement . Au vu de la diminution progressive des \u00e9choppes, il semblait utile d&#8217;envoyer un signal d&#8217;encouragement aux &#8220;r\u00e9guliers&#8221; pour les inciter \u00e0 venir le mercredi \u00e0 Enghien et continuer d&#8217;offrir ce service de proximit\u00e9.<\/p>\n<p>La deuxi\u00e8me taxe r\u00e9pond \u00e0 la demande d&#8217;un nombre important de <strong>commer\u00e7ants<\/strong> et d&#8217;<strong>ind\u00e9pendants<\/strong> de notre commune. Dor\u00e9navant, la taxe relative \u00e0 la collecte des d\u00e9chets ne sera demand\u00e9e <strong>qu&#8217;une seule fois par m\u00e9nage<\/strong> \u00e9vitant ainsi \u00e0 certains de payer 2x, 3x, voire 4x une m\u00eame taxe tel que c&#8217;\u00e9tait le cas pr\u00e9c\u00e9demment. Cette mesure engendrera a priori une diminution de rentr\u00e9es financi\u00e8res de 30.000 euros pour la commune. <\/p>\n<p><em>Voter un r\u00e8glement de taxes n&#8217;est \u00e9videmment jamais un exercice agr\u00e9able et tout le monde s&#8217;en passerait bien. Cependant, les autorit\u00e9s communales ne peuvent faire l&#8217;impasse en la mati\u00e8re et doivent  pr\u00e9senter des r\u00e8glements suscitant une contribution \u00e9quilibr\u00e9e entre toutes les personnes physiques et morales qui b\u00e9n\u00e9ficient des services de la Ville d&#8217;Enghien. <\/em> <\/p>\n","protected":false},"excerpt":{"rendered":"<p>Lors de la premi\u00e8re ann\u00e9e d&#8217;une nouvelle l\u00e9gislature, il est de coutume de se prononcer sur les r\u00e8glements de taxes et redevances mis en place par la commune. A Enghien, l&#8217;exercice a eu lieu lors du Conseil communal du 7 novembre et, contrairement \u00e0 la rumeur aliment\u00e9e par certaines personnes qui n&#8217;ont pas r\u00e9alis\u00e9 une &hellip;<\/p>\n","protected":false},"author":643,"featured_media":357,"comment_status":"closed","ping_status":"open","sticky":false,"template":"","format":"standard","meta":{"_acf_changed":false,"_et_pb_use_builder":"","_et_pb_old_content":"","_et_gb_content_width":"","footnotes":""},"categories":[20],"tags":[],"class_list":["post-358","post","type-post","status-publish","format-standard","has-post-thumbnail","hentry","category-economie"],"acf":[],"_links":{"self":[{"href":"https:\/\/enghien.ecolo.be\/nl\/wp-json\/wp\/v2\/posts\/358","targetHints":{"allow":["GET"]}}],"collection":[{"href":"https:\/\/enghien.ecolo.be\/nl\/wp-json\/wp\/v2\/posts"}],"about":[{"href":"https:\/\/enghien.ecolo.be\/nl\/wp-json\/wp\/v2\/types\/post"}],"author":[{"embeddable":true,"href":"https:\/\/enghien.ecolo.be\/nl\/wp-json\/wp\/v2\/users\/643"}],"replies":[{"embeddable":true,"href":"https:\/\/enghien.ecolo.be\/nl\/wp-json\/wp\/v2\/comments?post=358"}],"version-history":[{"count":1,"href":"https:\/\/enghien.ecolo.be\/nl\/wp-json\/wp\/v2\/posts\/358\/revisions"}],"predecessor-version":[{"id":660,"href":"https:\/\/enghien.ecolo.be\/nl\/wp-json\/wp\/v2\/posts\/358\/revisions\/660"}],"wp:featuredmedia":[{"embeddable":true,"href":"https:\/\/enghien.ecolo.be\/nl\/wp-json\/wp\/v2\/media\/357"}],"wp:attachment":[{"href":"https:\/\/enghien.ecolo.be\/nl\/wp-json\/wp\/v2\/media?parent=358"}],"wp:term":[{"taxonomy":"category","embeddable":true,"href":"https:\/\/enghien.ecolo.be\/nl\/wp-json\/wp\/v2\/categories?post=358"},{"taxonomy":"post_tag","embeddable":true,"href":"https:\/\/enghien.ecolo.be\/nl\/wp-json\/wp\/v2\/tags?post=358"}],"curies":[{"name":"wp","href":"https:\/\/api.w.org\/{rel}","templated":true}]}}