{"id":334,"date":"2013-09-14T09:12:00","date_gmt":"2013-09-14T07:12:00","guid":{"rendered":"http:\/\/enghien.ecolo.me\/2013\/09\/14\/retour-de-la-terrasse-des-le\/"},"modified":"2016-12-16T07:34:13","modified_gmt":"2016-12-16T06:34:13","slug":"retour-de-la-terrasse-des-le","status":"publish","type":"post","link":"https:\/\/enghien.ecolo.be\/nl\/2013\/09\/14\/retour-de-la-terrasse-des-le\/","title":{"rendered":"Retour de la &#8220;Terrasse&#8221; d\u00e8s le printemps 2014"},"content":{"rendered":"<p class=\"post_excerpt\">L&#8217;\u00e9t\u00e9 fut chaud \u00e0 Enghien et pas seulement \u00e0 cause de la m\u00e9t\u00e9o. Festival LaSemo, banquets des Titjes, la &#8220;Terrasse&#8221;, ballades cont\u00e9es, visites guid\u00e9es en tout genre et autres activit\u00e9s priv\u00e9es dans le Parc ont anim\u00e9 notre Ville avec brio durant la saison estivale.<\/p>\n<p><!--more--><br \/>\n<img loading=\"lazy\" decoding=\"async\" class=\" alignleft size-full wp-image-332\" src=\"http:\/\/enghien.ecolo.me\/wp-content\/uploads\/sites\/462\/2013\/09\/jpg_lasemo.jpg\" alt=\"lasemo.jpg\" align=\"left\" width=\"305\" height=\"195\" srcset=\"https:\/\/enghien.ecolo.be\/wp-content\/uploads\/sites\/462\/2013\/09\/jpg_lasemo.jpg 305w, https:\/\/enghien.ecolo.be\/wp-content\/uploads\/sites\/462\/2013\/09\/jpg_lasemo-300x192.jpg 300w\" sizes=\"(max-width: 305px) 100vw, 305px\" \/><\/p>\n<p>&#8220;Dynamiser le centre ville&#8221; \u00e9tait l&#8217;une des priorit\u00e9s de notre programme. Les nombreuses activit\u00e9s organis\u00e9es cet \u00e9t\u00e9 ont connu un r\u00e9el succ\u00e8s et ont anim\u00e9 Enghien pendant presque 4 mois. De nombreux acteurs publics et priv\u00e9s se sont lanc\u00e9s dans l&#8217;aventure avec un r\u00e9sultat extr\u00eamement positif selon les \u00e9chos des uns et des autres.<\/p>\n<p><img loading=\"lazy\" decoding=\"async\" class=\" alignright size-full wp-image-333\" src=\"http:\/\/enghien.ecolo.me\/wp-content\/uploads\/sites\/462\/2013\/09\/jpg_terrasse.jpg\" alt=\"terrasse.jpg\" align=\"right\" width=\"165\" height=\"170\" \/><\/p>\n<p>En ce qui concerne la Terrasse, la d\u00e9cision a \u00e9t\u00e9 prise de la d\u00e9monter (tel que pr\u00e9vu initialement) et de la r\u00e9installer d\u00e8s le printemps 2014. Au vu de l&#8217;exp\u00e9rience jug\u00e9e positive et de l&#8217;ambiance conviviale qu&#8217;elle a apport\u00e9e \u00e0 notre cit\u00e9, il est possible qu&#8217;une deuxi\u00e8me terrasse voie le jour ailleurs en ville.<\/p>\n<p>Pour plus de renseignements, n&#8217;h\u00e9sitez pas \u00e0 lire l&#8217;article de l&#8217;Avenir \u00e0 ce sujet dans lequel l&#8217;ADL (Agence de D\u00e9veloppement Local) fait le point sur la question.<\/p>\n","protected":false},"excerpt":{"rendered":"<p>L&#8217;\u00e9t\u00e9 fut chaud \u00e0 Enghien et pas seulement \u00e0 cause de la m\u00e9t\u00e9o. Festival LaSemo, banquets des Titjes, la &#8220;Terrasse&#8221;, ballades cont\u00e9es, visites guid\u00e9es en tout genre et autres activit\u00e9s priv\u00e9es dans le Parc ont anim\u00e9 notre Ville avec brio durant la saison estivale.<\/p>\n","protected":false},"author":643,"featured_media":331,"comment_status":"closed","ping_status":"open","sticky":false,"template":"","format":"standard","meta":{"_acf_changed":false,"_et_pb_use_builder":"","_et_pb_old_content":"","_et_gb_content_width":"","footnotes":""},"categories":[11],"tags":[],"class_list":["post-334","post","type-post","status-publish","format-standard","has-post-thumbnail","hentry","category-culture"],"acf":[],"_links":{"self":[{"href":"https:\/\/enghien.ecolo.be\/nl\/wp-json\/wp\/v2\/posts\/334","targetHints":{"allow":["GET"]}}],"collection":[{"href":"https:\/\/enghien.ecolo.be\/nl\/wp-json\/wp\/v2\/posts"}],"about":[{"href":"https:\/\/enghien.ecolo.be\/nl\/wp-json\/wp\/v2\/types\/post"}],"author":[{"embeddable":true,"href":"https:\/\/enghien.ecolo.be\/nl\/wp-json\/wp\/v2\/users\/643"}],"replies":[{"embeddable":true,"href":"https:\/\/enghien.ecolo.be\/nl\/wp-json\/wp\/v2\/comments?post=334"}],"version-history":[{"count":1,"href":"https:\/\/enghien.ecolo.be\/nl\/wp-json\/wp\/v2\/posts\/334\/revisions"}],"predecessor-version":[{"id":673,"href":"https:\/\/enghien.ecolo.be\/nl\/wp-json\/wp\/v2\/posts\/334\/revisions\/673"}],"wp:featuredmedia":[{"embeddable":true,"href":"https:\/\/enghien.ecolo.be\/nl\/wp-json\/wp\/v2\/media\/331"}],"wp:attachment":[{"href":"https:\/\/enghien.ecolo.be\/nl\/wp-json\/wp\/v2\/media?parent=334"}],"wp:term":[{"taxonomy":"category","embeddable":true,"href":"https:\/\/enghien.ecolo.be\/nl\/wp-json\/wp\/v2\/categories?post=334"},{"taxonomy":"post_tag","embeddable":true,"href":"https:\/\/enghien.ecolo.be\/nl\/wp-json\/wp\/v2\/tags?post=334"}],"curies":[{"name":"wp","href":"https:\/\/api.w.org\/{rel}","templated":true}]}}