{"id":330,"date":"2013-10-19T13:41:00","date_gmt":"2013-10-19T11:41:00","guid":{"rendered":"http:\/\/enghien.ecolo.me\/2013\/10\/19\/de-nouveaux-logements-publics\/"},"modified":"2016-12-16T07:34:13","modified_gmt":"2016-12-16T06:34:13","slug":"de-nouveaux-logements-publics","status":"publish","type":"post","link":"https:\/\/enghien.ecolo.be\/nl\/2013\/10\/19\/de-nouveaux-logements-publics\/","title":{"rendered":"De nouveaux logements publics"},"content":{"rendered":"<p class=\"post_excerpt\">Le Conseil communal a adopt\u00e9 son programme en mati\u00e8re de cr\u00e9ation de logements publics pour la p\u00e9riode 2014-2016. Dix nouvelles maisons sociales et trois logements de transit seront construits en partenariat avec le CPAS et Haute Senne Logement.<\/p>\n<p><!--more--><br \/>\n<img loading=\"lazy\" decoding=\"async\" class=\" alignleft size-full wp-image-329\" src=\"http:\/\/enghien.ecolo.me\/wp-content\/uploads\/sites\/462\/2013\/10\/jpg_Coquelicots2.jpg\" alt=\"Coquelicots2.jpg\" align=\"left\" width=\"1063\" height=\"718\" srcset=\"https:\/\/enghien.ecolo.be\/wp-content\/uploads\/sites\/462\/2013\/10\/jpg_Coquelicots2.jpg 1063w, https:\/\/enghien.ecolo.be\/wp-content\/uploads\/sites\/462\/2013\/10\/jpg_Coquelicots2-300x203.jpg 300w, https:\/\/enghien.ecolo.be\/wp-content\/uploads\/sites\/462\/2013\/10\/jpg_Coquelicots2-768x519.jpg 768w, https:\/\/enghien.ecolo.be\/wp-content\/uploads\/sites\/462\/2013\/10\/jpg_Coquelicots2-1024x692.jpg 1024w\" sizes=\"(max-width: 1063px) 100vw, 1063px\" \/><\/p>\n<p>Lors de sa r\u00e9union du 3 octobre, le Conseil communal a arr\u00eat\u00e9 le programme de son ancrage communal du logement. Il essaie ainsi de tendre vers les objectifs fix\u00e9s par la R\u00e9gion wallonne qui attend 10% de logements publics par commune. Enghien n&#8217;ayant pas beaucoup investi dans ce domaine au cours des quelques derni\u00e8res ann\u00e9es, il \u00e9tait temps de proposer un plan ambitieux pour la p\u00e9riode 2014-2016.<\/p>\n<p>La R\u00e9gion wallonne subventionne les projets communaux \u00e0 condition de lui soumettre un programme triennal. C&#8217;est ce qui a \u00e9t\u00e9 fait r\u00e9cemment en partenariat avec deux autres op\u00e9rateurs : le CPAS et la Soci\u00e9t\u00e9 de Logement de Service Public de notre r\u00e9gion, Haute Senne Logement.<\/p>\n<p>Ne disposant actuellement d&#8217;aucun logement de transit (logements permettant d&#8217;accueillir des personnes en situation de d\u00e9tresse), la Ville a d\u00e9cid\u00e9 d&#8217;am\u00e9nager trois nouveaux appartements d&#8217;une cinquantaine de m\u00b2 dans des b\u00e2timents du CPAS situ\u00e9s \u00e0 la rue des Orphelins et \u00e0 la rue d&#8217;Hoves.<\/p>\n<p>Du c\u00f4t\u00e9 de la rue des Coquelicots, six nouvelles maisons seront construites alors que quatre nouveaux logements sortiront de terre au Square de la Dodane. Depuis quelques ann\u00e9es, l&#8217;objectif de mixit\u00e9 sociale est poursuivi dans ce quartier en mettant en vente certains logements. Propri\u00e9taires et locataires se c\u00f4toient donc dans un environnement particuli\u00e8rement verdoyant qui fait l&#8217;objet de toutes les attentions de la part des autorit\u00e9s communales.<\/p>\n","protected":false},"excerpt":{"rendered":"<p>Le Conseil communal a adopt\u00e9 son programme en mati\u00e8re de cr\u00e9ation de logements publics pour la p\u00e9riode 2014-2016. Dix nouvelles maisons sociales et trois logements de transit seront construits en partenariat avec le CPAS et Haute Senne Logement.<\/p>\n","protected":false},"author":643,"featured_media":328,"comment_status":"closed","ping_status":"open","sticky":false,"template":"","format":"standard","meta":{"_acf_changed":false,"_et_pb_use_builder":"","_et_pb_old_content":"","_et_gb_content_width":"","footnotes":""},"categories":[20],"tags":[],"class_list":["post-330","post","type-post","status-publish","format-standard","has-post-thumbnail","hentry","category-economie"],"acf":[],"_links":{"self":[{"href":"https:\/\/enghien.ecolo.be\/nl\/wp-json\/wp\/v2\/posts\/330","targetHints":{"allow":["GET"]}}],"collection":[{"href":"https:\/\/enghien.ecolo.be\/nl\/wp-json\/wp\/v2\/posts"}],"about":[{"href":"https:\/\/enghien.ecolo.be\/nl\/wp-json\/wp\/v2\/types\/post"}],"author":[{"embeddable":true,"href":"https:\/\/enghien.ecolo.be\/nl\/wp-json\/wp\/v2\/users\/643"}],"replies":[{"embeddable":true,"href":"https:\/\/enghien.ecolo.be\/nl\/wp-json\/wp\/v2\/comments?post=330"}],"version-history":[{"count":1,"href":"https:\/\/enghien.ecolo.be\/nl\/wp-json\/wp\/v2\/posts\/330\/revisions"}],"predecessor-version":[{"id":666,"href":"https:\/\/enghien.ecolo.be\/nl\/wp-json\/wp\/v2\/posts\/330\/revisions\/666"}],"wp:featuredmedia":[{"embeddable":true,"href":"https:\/\/enghien.ecolo.be\/nl\/wp-json\/wp\/v2\/media\/328"}],"wp:attachment":[{"href":"https:\/\/enghien.ecolo.be\/nl\/wp-json\/wp\/v2\/media?parent=330"}],"wp:term":[{"taxonomy":"category","embeddable":true,"href":"https:\/\/enghien.ecolo.be\/nl\/wp-json\/wp\/v2\/categories?post=330"},{"taxonomy":"post_tag","embeddable":true,"href":"https:\/\/enghien.ecolo.be\/nl\/wp-json\/wp\/v2\/tags?post=330"}],"curies":[{"name":"wp","href":"https:\/\/api.w.org\/{rel}","templated":true}]}}