{"id":325,"date":"2013-09-14T10:32:00","date_gmt":"2013-09-14T08:32:00","guid":{"rendered":"http:\/\/enghien.ecolo.me\/2013\/09\/14\/urbanisme-de-nouveaux-quartiers\/"},"modified":"2016-12-16T07:34:13","modified_gmt":"2016-12-16T06:34:13","slug":"urbanisme-de-nouveaux-quartiers","status":"publish","type":"post","link":"https:\/\/enghien.ecolo.be\/nl\/2013\/09\/14\/urbanisme-de-nouveaux-quartiers\/","title":{"rendered":"Urbanisme : de nouveaux quartiers ?"},"content":{"rendered":"<p class=\"post_excerpt\">L&#8217;attractivit\u00e9 de la ville d&#8217;Enghien n&#8217;est plus \u00e0 d\u00e9montrer. Depuis plusieurs ann\u00e9es, les promoteurs immobiliers ont investi \u00e0 Enghien, Marcq et Petit-Enghien pour cr\u00e9er ou r\u00e9nover des logements. Quels sont les projets en cours ?<\/p>\n<p><!--more--><br \/>\n<strong>Rue de la Coop\u00e9rative<\/strong><\/p>\n<p>Un projet de construction d&#8217;une centaine de logements a \u00e9t\u00e9 introduit sur l&#8217;ancien site de la coop\u00e9rative agricole, face \u00e0 la gare d&#8217;Enghien. De l&#8217;avis unanime de la CCATM, du Coll\u00e8ge et du Conseil communal, ce projet ne r\u00e9pondait pas aux attentes en mati\u00e8re de mobilit\u00e9 et d&#8217;int\u00e9gration urbanistique. Les autorit\u00e9s communales ont donc d\u00e9livr\u00e9 un refus de permis. Le promoteur a introduit un recours contre cette d\u00e9cision aupr\u00e8s du Ministre comp\u00e9tent.<\/p>\n<p><strong>Terrain Kaposi<\/strong><\/p>\n<p>Situ\u00e9 entre le quartier Val-Lise et la chauss\u00e9e Brunehault, le terrain Kaposi a lui aussi suscit\u00e9 l&#8217;int\u00e9r\u00eat d&#8217;un investisseur qui souhaite y construire quatre blocs d&#8217;appartements. Le projet intitul\u00e9 &#8220;Les jardins d&#8217;Enghien&#8221; a n\u00e9cessit\u00e9 des adaptations suite aux demandes des pompiers et aux pr\u00e9occupations de certains riverains, relay\u00e9es par les autorit\u00e9s communales. <\/p>\n<p>Une nouvelle demande de permis sera introduite sous peu et mise \u00e0 l&#8217;enqu\u00eate publique. Ce projet n&#8217;offrira pas de communication directe pour les voitures entre la chauss\u00e9e Brunehault et le quartier Val-Lise. Une dizaine de nouvelles places de parking seront pr\u00e9vues pour les habitants du bout de l&#8217;avenue Charles Lemercier dans le prolongement de leur rue.<\/p>\n<p><strong>Couvent des Augustins<\/strong><\/p>\n<p>Sur le site des Augustins, l&#8217;ancien couvent a \u00e9t\u00e9 r\u00e9nov\u00e9 et transform\u00e9 en logements, et un premier bloc d&#8217;appartements a \u00e9t\u00e9 construit \u00e0 l&#8217;int\u00e9rieur du jardin. Concernant le deuxi\u00e8me bloc similaire dont la construction \u00e9tait pr\u00e9vue le long de la rue de la Fontaine, une proc\u00e9dure de recours s&#8217;est cl\u00f4tur\u00e9e r\u00e9cemment. Le promoteur a obtenu l&#8217;autorisation de terminer son chantier. De nouveaux appartements verront donc prochainement le jour \u00e0 la rue de la Fontaine ainsi que quatre petites maisons, \u00e0 la rue du B\u00e9guinage.<\/p>\n<p>En ce qui concerne la chapelle des Augustins dont un pilier s&#8217;\u00e9tait effondr\u00e9 au cours de l&#8217;\u00e9t\u00e9 2012, une solution technique a \u00e9t\u00e9 trouv\u00e9e pour consolider les lieux et restaurer la chapelle. Le m\u00eame investisseur, propri\u00e9taire des lieux, entamera les travaux d\u00e8s que toutes les autorisations lui seront fournies par la R\u00e9gion. Il faudra d\u00e8s lors encore quelques mois de patience avant de pouvoir rouvrir la circulation en toute s\u00e9curit\u00e9 \u00e0 la rue des Augustins.<\/p>\n","protected":false},"excerpt":{"rendered":"<p>L&#8217;attractivit\u00e9 de la ville d&#8217;Enghien n&#8217;est plus \u00e0 d\u00e9montrer. Depuis plusieurs ann\u00e9es, les promoteurs immobiliers ont investi \u00e0 Enghien, Marcq et Petit-Enghien pour cr\u00e9er ou r\u00e9nover des logements. Quels sont les projets en cours ?<\/p>\n","protected":false},"author":643,"featured_media":324,"comment_status":"closed","ping_status":"open","sticky":false,"template":"","format":"standard","meta":{"_acf_changed":false,"_et_pb_use_builder":"","_et_pb_old_content":"","_et_gb_content_width":"","footnotes":""},"categories":[8],"tags":[],"class_list":["post-325","post","type-post","status-publish","format-standard","has-post-thumbnail","hentry","category-logement-et-patrimoine"],"acf":[],"_links":{"self":[{"href":"https:\/\/enghien.ecolo.be\/nl\/wp-json\/wp\/v2\/posts\/325","targetHints":{"allow":["GET"]}}],"collection":[{"href":"https:\/\/enghien.ecolo.be\/nl\/wp-json\/wp\/v2\/posts"}],"about":[{"href":"https:\/\/enghien.ecolo.be\/nl\/wp-json\/wp\/v2\/types\/post"}],"author":[{"embeddable":true,"href":"https:\/\/enghien.ecolo.be\/nl\/wp-json\/wp\/v2\/users\/643"}],"replies":[{"embeddable":true,"href":"https:\/\/enghien.ecolo.be\/nl\/wp-json\/wp\/v2\/comments?post=325"}],"version-history":[{"count":1,"href":"https:\/\/enghien.ecolo.be\/nl\/wp-json\/wp\/v2\/posts\/325\/revisions"}],"predecessor-version":[{"id":672,"href":"https:\/\/enghien.ecolo.be\/nl\/wp-json\/wp\/v2\/posts\/325\/revisions\/672"}],"wp:featuredmedia":[{"embeddable":true,"href":"https:\/\/enghien.ecolo.be\/nl\/wp-json\/wp\/v2\/media\/324"}],"wp:attachment":[{"href":"https:\/\/enghien.ecolo.be\/nl\/wp-json\/wp\/v2\/media?parent=325"}],"wp:term":[{"taxonomy":"category","embeddable":true,"href":"https:\/\/enghien.ecolo.be\/nl\/wp-json\/wp\/v2\/categories?post=325"},{"taxonomy":"post_tag","embeddable":true,"href":"https:\/\/enghien.ecolo.be\/nl\/wp-json\/wp\/v2\/tags?post=325"}],"curies":[{"name":"wp","href":"https:\/\/api.w.org\/{rel}","templated":true}]}}