{"id":321,"date":"2013-09-14T19:16:00","date_gmt":"2013-09-14T17:16:00","guid":{"rendered":"http:\/\/enghien.ecolo.me\/2013\/09\/14\/un-nouveau-secretariat-local-a-le\/"},"modified":"2016-12-16T07:34:13","modified_gmt":"2016-12-16T06:34:13","slug":"un-nouveau-secretariat-local-a-le","status":"publish","type":"post","link":"https:\/\/enghien.ecolo.be\/nl\/2013\/09\/14\/un-nouveau-secretariat-local-a-le\/","title":{"rendered":"Un nouveau secr\u00e9tariat local \u00e0 le t\u00eate d&#8217;Ecolo Enghien"},"content":{"rendered":"<p class=\"post_excerpt\">C&#8217;est \u00e0 l&#8217;unanimit\u00e9 que les membres de la locale Ecolo d&#8217;Enghien ont renouvel\u00e9 leur &#8220;pr\u00e9sidence&#8221;. La nouvelle \u00e9quipe est compos\u00e9e de Fabienne Couvreur (qui renouvelle son mandat), Jean-Luc Dubuisson, Christophe Medaets et Pascal Hillewaert.<\/p>\n<p><!--more--><br \/>\nCe 12 septembre, la locale Ecolo d&#8217;Enghien a \u00e9lu son nouveau &#8220;secr\u00e9tariat local&#8221; ou &#8220;pr\u00e9sidence&#8221;. La nouvelle \u00e9quipe se compose comme suit:<\/p>\n<p><img loading=\"lazy\" decoding=\"async\" class=\" alignleft size-full wp-image-317\" src=\"http:\/\/enghien.ecolo.me\/wp-content\/uploads\/sites\/462\/2013\/09\/jpg_IMG_5129bis.jpg\" alt=\"IMG_5129bis.jpg\" align=\"left\" width=\"227\" height=\"269\" \/><br \/>\n<strong>Fabienne Couvreur<\/strong><\/p>\n<p>Enghiennoise de souche, boulang\u00e8re et maman de deux (grands) gar\u00e7ons, Fabienne fut une des premi\u00e8res \u00e0 rejoindre la locale Ecolo d\u2019Enghien. Active dans la commune, sur le terrain, attentive aux uns et aux autres, persuad\u00e9e de l\u2019importance du social et de la d\u00e9fense des plus pr\u00e9caris\u00e9s, c\u2019est avec enthousiasme qu\u2019elle repart pour un mandat de deux ans \u00e0 la t\u00eate de la locale Ecolo.<\/p>\n<p><img loading=\"lazy\" decoding=\"async\" class=\" alignright size-full wp-image-318\" src=\"http:\/\/enghien.ecolo.me\/wp-content\/uploads\/sites\/462\/2013\/09\/jpg_IMG_4896bis.jpg\" alt=\"IMG_4896bis.jpg\" align=\"right\" width=\"227\" height=\"275\" \/><br \/>\n<strong>Jean-Luc Dubuisson<\/strong><\/p>\n<p>Hennuyer de souche, Enghiennois de c\u0153ur et \u00e9cologiste de conviction, c\u2019est un nouveau d\u00e9fi que Jean-Luc rel\u00e8ve dans la droite ligne de son engagement professionnel en tant que m\u00e9decin g\u00e9n\u00e9raliste. S\u2019occuper de la sant\u00e9, c\u2019est r\u00e9fl\u00e9chir et agir \u00e0 tous les niveaux, tant individuel que communautaire ; tant au niveau du corps physique, que  du corps social ou du domaine environnemental.<\/p>\n<p>F\u00e9d\u00e9rer toutes les \u00e9nergies au sein de notre locale, soutenir nos mandataires et contribuer au \u00ab vivre ensemble \u00bb dans notre commune seront ses lignes de conduite au sein du secr\u00e9tariat local.<\/p>\n<p><img loading=\"lazy\" decoding=\"async\" class=\" alignleft size-full wp-image-319\" src=\"http:\/\/enghien.ecolo.me\/wp-content\/uploads\/sites\/462\/2013\/09\/jpg_IMG_5038bis.jpg\" alt=\"IMG_5038bis.jpg\" align=\"left\" width=\"198\" height=\"282\" \/><br \/>\n<strong>Pascal Hillewaert<\/strong><\/p>\n<p>44 ans, mari\u00e9 et p\u00e8re de 3 enfants, Petit-Enghiennois de souche, issu d\u2019une famille bien ancr\u00e9e et active dans la vie de la paroisse, il s\u2019est impliqu\u00e9 dans la vie associative de son village.<\/p>\n<p>Ing\u00e9nieur de formation, il travaille pour une importante soci\u00e9t\u00e9 multinationale active dans le domaine de l\u2019\u00e9nergie. Les enjeux li\u00e9s \u00e0 l\u2019efficacit\u00e9 \u00e9nerg\u00e9tique et aux choix multi-\u00e9nerg\u00e9tiques lui tiennent particuli\u00e8rement \u00e0 c\u0153ur, persuad\u00e9 qu\u2019une approche \u00e9cologique et durable est indispensable en ces domaines.<\/p>\n<p>Il a rejoint l\u2019\u00e9quipe de la locale lors des derni\u00e8res \u00e9lections communales et compte dor\u00e9navant y jouer un r\u00f4le plus actif au sein du secr\u00e9tariat<\/p>\n<p><img loading=\"lazy\" decoding=\"async\" class=\" alignright size-full wp-image-320\" src=\"http:\/\/enghien.ecolo.me\/wp-content\/uploads\/sites\/462\/2013\/09\/jpg_Xtof.jpg\" alt=\"Xtof.jpg\" align=\"right\" width=\"121\" height=\"165\" \/><br \/>\n<strong>Christophe Medaets<\/strong><\/p>\n<p>Install\u00e9 \u00e0 Enghien depuis 2008, p\u00e8re de 4 enfants, Christophe adh\u00e8re aux id\u00e9es de l&#8217;\u00e9cologie depuis plus de 30 ans.  Ayant \u0153uvr\u00e9 dans des groupes consultatifs de locataires, en arrivant \u00e0 Enghien il s&#8217;est inscrit \u00e0 Ecolo pour poursuivre son action militante. Tr\u00e9sorier de la locale,  depuis 2011, il fait, aujourd&#8217;hui, un pas de plus pour s&#8217;impliquer dans la vie de la locale. <\/p>\n<p>Cycliste quotidien, il est particuli\u00e8rement sensible aux questions de mobilit\u00e9 douce. Passionn\u00e9 par les \u00e9nergies renouvelables, depuis 4 ans, il coordonne l&#8217;Energie Ecolo Tour \u00e0 Enghien.<\/p>\n","protected":false},"excerpt":{"rendered":"<p>C&#8217;est \u00e0 l&#8217;unanimit\u00e9 que les membres de la locale Ecolo d&#8217;Enghien ont renouvel\u00e9 leur &#8220;pr\u00e9sidence&#8221;. La nouvelle \u00e9quipe est compos\u00e9e de Fabienne Couvreur (qui renouvelle son mandat), Jean-Luc Dubuisson, Christophe Medaets et Pascal Hillewaert.<\/p>\n","protected":false},"author":643,"featured_media":316,"comment_status":"closed","ping_status":"open","sticky":false,"template":"","format":"standard","meta":{"_acf_changed":false,"_et_pb_use_builder":"","_et_pb_old_content":"","_et_gb_content_width":"","footnotes":""},"categories":[6],"tags":[],"class_list":["post-321","post","type-post","status-publish","format-standard","has-post-thumbnail","hentry","category-ecolo-enghien"],"acf":[],"_links":{"self":[{"href":"https:\/\/enghien.ecolo.be\/nl\/wp-json\/wp\/v2\/posts\/321","targetHints":{"allow":["GET"]}}],"collection":[{"href":"https:\/\/enghien.ecolo.be\/nl\/wp-json\/wp\/v2\/posts"}],"about":[{"href":"https:\/\/enghien.ecolo.be\/nl\/wp-json\/wp\/v2\/types\/post"}],"author":[{"embeddable":true,"href":"https:\/\/enghien.ecolo.be\/nl\/wp-json\/wp\/v2\/users\/643"}],"replies":[{"embeddable":true,"href":"https:\/\/enghien.ecolo.be\/nl\/wp-json\/wp\/v2\/comments?post=321"}],"version-history":[{"count":1,"href":"https:\/\/enghien.ecolo.be\/nl\/wp-json\/wp\/v2\/posts\/321\/revisions"}],"predecessor-version":[{"id":669,"href":"https:\/\/enghien.ecolo.be\/nl\/wp-json\/wp\/v2\/posts\/321\/revisions\/669"}],"wp:featuredmedia":[{"embeddable":true,"href":"https:\/\/enghien.ecolo.be\/nl\/wp-json\/wp\/v2\/media\/316"}],"wp:attachment":[{"href":"https:\/\/enghien.ecolo.be\/nl\/wp-json\/wp\/v2\/media?parent=321"}],"wp:term":[{"taxonomy":"category","embeddable":true,"href":"https:\/\/enghien.ecolo.be\/nl\/wp-json\/wp\/v2\/categories?post=321"},{"taxonomy":"post_tag","embeddable":true,"href":"https:\/\/enghien.ecolo.be\/nl\/wp-json\/wp\/v2\/tags?post=321"}],"curies":[{"name":"wp","href":"https:\/\/api.w.org\/{rel}","templated":true}]}}