{"id":310,"date":"2013-09-12T09:02:00","date_gmt":"2013-09-12T07:02:00","guid":{"rendered":"http:\/\/enghien.ecolo.me\/2013\/09\/12\/conference-de-jose-bove-ce-17-9-a\/"},"modified":"2016-12-16T07:34:13","modified_gmt":"2016-12-16T06:34:13","slug":"conference-de-jose-bove-ce-17-9-a","status":"publish","type":"post","link":"https:\/\/enghien.ecolo.be\/nl\/2013\/09\/12\/conference-de-jose-bove-ce-17-9-a\/","title":{"rendered":"Conf\u00e9rence de Jos\u00e9 Bov\u00e9 ce 17\/9 \u00e0 20h!"},"content":{"rendered":"<p class=\"post_excerpt\">A ne pas manquer : ce 17 septembre \u00e0 20h, Jos\u00e9 Bov\u00e9 tiendra une conf\u00e9rence sur l&#8217;avenir de l&#8217;agriculture en Europe. Il sera accompagn\u00e9 du d\u00e9put\u00e9 europ\u00e9en Philippe Lamberts. Accueil au Centre culturel de Soignies d\u00e8s 19h.<\/p>\n<p><!--more--><br \/>\n<img loading=\"lazy\" decoding=\"async\" class=\" aligncenter size-full wp-image-308\" src=\"http:\/\/enghien.ecolo.me\/wp-content\/uploads\/sites\/462\/2013\/09\/jpg_130909_Bove_recto.jpg\" alt=\"130909_Bove_recto.jpg\" align=\"center\" width=\"345\" height=\"660\" srcset=\"https:\/\/enghien.ecolo.be\/wp-content\/uploads\/sites\/462\/2013\/09\/jpg_130909_Bove_recto.jpg 345w, https:\/\/enghien.ecolo.be\/wp-content\/uploads\/sites\/462\/2013\/09\/jpg_130909_Bove_recto-157x300.jpg 157w\" sizes=\"(max-width: 345px) 100vw, 345px\" \/><\/p>\n<p><img loading=\"lazy\" decoding=\"async\" class=\" aligncenter size-full wp-image-309\" src=\"http:\/\/enghien.ecolo.me\/wp-content\/uploads\/sites\/462\/2013\/09\/jpg_130909_bove_verso.jpg\" alt=\"130909_bove_verso.jpg\" align=\"center\" width=\"351\" height=\"681\" srcset=\"https:\/\/enghien.ecolo.be\/wp-content\/uploads\/sites\/462\/2013\/09\/jpg_130909_bove_verso.jpg 351w, https:\/\/enghien.ecolo.be\/wp-content\/uploads\/sites\/462\/2013\/09\/jpg_130909_bove_verso-155x300.jpg 155w\" sizes=\"(max-width: 351px) 100vw, 351px\" \/><\/p>\n","protected":false},"excerpt":{"rendered":"<p>A ne pas manquer : ce 17 septembre \u00e0 20h, Jos\u00e9 Bov\u00e9 tiendra une conf\u00e9rence sur l&#8217;avenir de l&#8217;agriculture en Europe. Il sera accompagn\u00e9 du d\u00e9put\u00e9 europ\u00e9en Philippe Lamberts. Accueil au Centre culturel de Soignies d\u00e8s 19h.<\/p>\n","protected":false},"author":643,"featured_media":307,"comment_status":"closed","ping_status":"open","sticky":false,"template":"","format":"standard","meta":{"_acf_changed":false,"_et_pb_use_builder":"","_et_pb_old_content":"","_et_gb_content_width":"","footnotes":""},"categories":[20],"tags":[],"class_list":["post-310","post","type-post","status-publish","format-standard","has-post-thumbnail","hentry","category-economie"],"acf":[],"_links":{"self":[{"href":"https:\/\/enghien.ecolo.be\/nl\/wp-json\/wp\/v2\/posts\/310","targetHints":{"allow":["GET"]}}],"collection":[{"href":"https:\/\/enghien.ecolo.be\/nl\/wp-json\/wp\/v2\/posts"}],"about":[{"href":"https:\/\/enghien.ecolo.be\/nl\/wp-json\/wp\/v2\/types\/post"}],"author":[{"embeddable":true,"href":"https:\/\/enghien.ecolo.be\/nl\/wp-json\/wp\/v2\/users\/643"}],"replies":[{"embeddable":true,"href":"https:\/\/enghien.ecolo.be\/nl\/wp-json\/wp\/v2\/comments?post=310"}],"version-history":[{"count":1,"href":"https:\/\/enghien.ecolo.be\/nl\/wp-json\/wp\/v2\/posts\/310\/revisions"}],"predecessor-version":[{"id":675,"href":"https:\/\/enghien.ecolo.be\/nl\/wp-json\/wp\/v2\/posts\/310\/revisions\/675"}],"wp:featuredmedia":[{"embeddable":true,"href":"https:\/\/enghien.ecolo.be\/nl\/wp-json\/wp\/v2\/media\/307"}],"wp:attachment":[{"href":"https:\/\/enghien.ecolo.be\/nl\/wp-json\/wp\/v2\/media?parent=310"}],"wp:term":[{"taxonomy":"category","embeddable":true,"href":"https:\/\/enghien.ecolo.be\/nl\/wp-json\/wp\/v2\/categories?post=310"},{"taxonomy":"post_tag","embeddable":true,"href":"https:\/\/enghien.ecolo.be\/nl\/wp-json\/wp\/v2\/tags?post=310"}],"curies":[{"name":"wp","href":"https:\/\/api.w.org\/{rel}","templated":true}]}}