{"id":300,"date":"2013-05-26T12:58:46","date_gmt":"2013-05-26T10:58:46","guid":{"rendered":"http:\/\/enghien.ecolo.me\/2013\/05\/26\/qualitis-une-zone-d-activite\/"},"modified":"2016-12-16T07:34:13","modified_gmt":"2016-12-16T06:34:13","slug":"qualitis-une-zone-d-activite","status":"publish","type":"post","link":"https:\/\/enghien.ecolo.be\/nl\/2013\/05\/26\/qualitis-une-zone-d-activite\/","title":{"rendered":"Qualitis : une zone d\u2019activit\u00e9 \u00e9conomique en pleine expansion"},"content":{"rendered":"<p class=\"post_excerpt\">Il y a une dizaine d\u2019ann\u00e9es, en concertation avec tous les acteurs concern\u00e9s, l&#8217;intercommunale IDETA proposait \u00e0 la Ville d&#8217;Enghien de cr\u00e9er une zone d\u2019activit\u00e9s \u00e9conomiques orient\u00e9e vers le d\u00e9veloppement des technologies et l\u2019innovation. En 2013, plusieurs projets ont vu le jour ou sont en cours sur cet espace de 30ha situ\u00e9 en face de Nautisport.<\/p>\n<p><!--more--><br \/>\nComme tout parc d\u2019activit\u00e9s qui se cr\u00e9e, il aura fallu plusieurs ann\u00e9es pour entamer la phase concr\u00e8te de construction d\u2019entreprises sur le site. Modification de plan de secteur, arr\u00eat\u00e9 de reconnaissance, proc\u00e9dure d\u2019expropriation par le comit\u00e9 d\u2019acquisition, \u00e9tablissement d\u2019un plan communal d\u2019am\u00e9nagement, tant d\u2019\u00e9tapes r\u00e9glementaires avant de v\u00e9ritablement pouvoir occuper la zone d\u2019activit\u00e9s \u00e9conomiques.<\/p>\n<p>Aujourd\u2019hui, Qualitis accueille un centre d\u2019entreprises dans son b\u00e2timent \u00ab La Lanterne \u00bb. Celui-ci comporte des bureaux, des salles de r\u00e9union, une salle de vid\u00e9oconf\u00e9rence hyper performante (smart call center) qui sont autant d\u2019atouts pour les entreprises qui s\u2019y installent ou qui voudraient louer ponctuellement certains de ces services.<\/p>\n<p>D\u00e8s septembre 2013, une cr\u00e8che d\u2019entreprise devrait ouvrir ses portes sur le site. \u00ab Les lucioles \u00bb comptera 24 lits pour accueillir des jeunes enfants r\u00e9partis en deux sections.<\/p>\n<p>Outre la \u00ab Lanterne \u00bb, IDETA projette la construction de 4 halls relais et d\u2019un nouveau centre d\u2019entreprises. Ce dossier qui d\u00e9rogeait en deux points aux prescriptions urbanistiques (fix\u00e9es par IDETA elle-m\u00eame en son temps) a \u00e9t\u00e9 revu par l\u2019intercommunale suite \u00e0 des discussions avec le bourgmestre Olivier Saint-Amand puis avec des riverains. Gr\u00e2ce \u00e0 cette concertation, le projet actuel ne d\u00e9roge plus aux prescriptions et respecte les normes \u00e9tablies de commun accord \u00e0 l\u2019origine de la cr\u00e9ation de Qualitis entre l\u2019intercommunale, la Ville et les riverains.<\/p>\n<p>Chaque hall relais se composera d\u2019un atelier de 200m\u00b2, un bureau, un secr\u00e9tariat et un espace repas. Outre le fait de respecter les nouvelles normes de performance \u00e9nerg\u00e9tique (PEB), une attention particuli\u00e8re est accord\u00e9e aux \u00e9conomies d\u2019\u00e9nergie et \u00e0 l\u2019utilisation d\u2019\u00e9nergies renouvelables. En termes d\u2019agenda, le permis devrait \u00eatre accord\u00e9 ce 27 mai. Le chantier devrait commencer vers octobre 2013 et se terminer vers mai 2015.<\/p>\n<p>D\u2019autres entreprises ont d\u00e9j\u00e0 investi sur le site : Ambimat Sprl, Food waste solutions, l\u2019\u00e9copain d\u2019Ignace. R\u00e9cemment, l\u2019\u2019UCL a sign\u00e9 une convention avec IDETA pour inclure Qualitis dans les \u00ab science park of Wallonia \u00bb. Cette collaboration devrait permettre \u00e0 d\u2019autres investisseurs du domaine des technologies et de l\u2019innovation d\u2019\u00eatre attir\u00e9s par notre parc d\u2019activit\u00e9s.<\/p>\n<p>Enfin, lors de sa pr\u00e9sentation faite au conseil communal du 23 mai, IDETA a r\u00e9-affirm\u00e9 sa volont\u00e9 de privil\u00e9gier la concertation citoyenne dans le futur, m\u00eame si la r\u00e8glementation ne le pr\u00e9voit pas. Une excellente initiative largement soulign\u00e9e par les \u00e9lus ECOLO.<\/p>\n<p><img loading=\"lazy\" decoding=\"async\" class=\" aligncenter size-full wp-image-299\" src=\"http:\/\/enghien.ecolo.me\/wp-content\/uploads\/sites\/462\/2013\/05\/jpg_qualitis.jpg\" alt=\"qualitis.jpg\" align=\"center\" width=\"267\" height=\"189\" \/><\/p>\n","protected":false},"excerpt":{"rendered":"<p>Il y a une dizaine d\u2019ann\u00e9es, en concertation avec tous les acteurs concern\u00e9s, l&#8217;intercommunale IDETA proposait \u00e0 la Ville d&#8217;Enghien de cr\u00e9er une zone d\u2019activit\u00e9s \u00e9conomiques orient\u00e9e vers le d\u00e9veloppement des technologies et l\u2019innovation. En 2013, plusieurs projets ont vu le jour ou sont en cours sur cet espace de 30ha situ\u00e9 en face de &hellip;<\/p>\n","protected":false},"author":643,"featured_media":298,"comment_status":"closed","ping_status":"open","sticky":false,"template":"","format":"standard","meta":{"_acf_changed":false,"_et_pb_use_builder":"","_et_pb_old_content":"","_et_gb_content_width":"","footnotes":""},"categories":[20],"tags":[],"class_list":["post-300","post","type-post","status-publish","format-standard","has-post-thumbnail","hentry","category-economie"],"acf":[],"_links":{"self":[{"href":"https:\/\/enghien.ecolo.be\/nl\/wp-json\/wp\/v2\/posts\/300","targetHints":{"allow":["GET"]}}],"collection":[{"href":"https:\/\/enghien.ecolo.be\/nl\/wp-json\/wp\/v2\/posts"}],"about":[{"href":"https:\/\/enghien.ecolo.be\/nl\/wp-json\/wp\/v2\/types\/post"}],"author":[{"embeddable":true,"href":"https:\/\/enghien.ecolo.be\/nl\/wp-json\/wp\/v2\/users\/643"}],"replies":[{"embeddable":true,"href":"https:\/\/enghien.ecolo.be\/nl\/wp-json\/wp\/v2\/comments?post=300"}],"version-history":[{"count":1,"href":"https:\/\/enghien.ecolo.be\/nl\/wp-json\/wp\/v2\/posts\/300\/revisions"}],"predecessor-version":[{"id":680,"href":"https:\/\/enghien.ecolo.be\/nl\/wp-json\/wp\/v2\/posts\/300\/revisions\/680"}],"wp:featuredmedia":[{"embeddable":true,"href":"https:\/\/enghien.ecolo.be\/nl\/wp-json\/wp\/v2\/media\/298"}],"wp:attachment":[{"href":"https:\/\/enghien.ecolo.be\/nl\/wp-json\/wp\/v2\/media?parent=300"}],"wp:term":[{"taxonomy":"category","embeddable":true,"href":"https:\/\/enghien.ecolo.be\/nl\/wp-json\/wp\/v2\/categories?post=300"},{"taxonomy":"post_tag","embeddable":true,"href":"https:\/\/enghien.ecolo.be\/nl\/wp-json\/wp\/v2\/tags?post=300"}],"curies":[{"name":"wp","href":"https:\/\/api.w.org\/{rel}","templated":true}]}}