{"id":294,"date":"2013-04-23T15:59:00","date_gmt":"2013-04-23T13:59:00","guid":{"rendered":"http:\/\/enghien.ecolo.me\/2013\/04\/23\/philippe-lamberts-a-enghien\/"},"modified":"2016-12-16T07:34:13","modified_gmt":"2016-12-16T06:34:13","slug":"philippe-lamberts-a-enghien","status":"publish","type":"post","link":"https:\/\/enghien.ecolo.be\/nl\/2013\/04\/23\/philippe-lamberts-a-enghien\/","title":{"rendered":"Philippe Lamberts \u00e0 Enghien"},"content":{"rendered":"<p class=\"post_excerpt\">La Petite Echelle (association enghiennoise de microcr\u00e9dit) organise une conf\u00e9rence intitul\u00e9e \u00ab les sept p\u00e9ch\u00e9s capitaux des banques \u00bb avec comme invit\u00e9 le tr\u00e8s percutant et remuant d\u00e9put\u00e9 europ\u00e9en Ecolo, Philippe Lamberts. Cette conf\u00e9rence se tiendra \u00e0 la Maison Jonathas, le mardi 30 avril, \u00e0 20h.<\/p>\n<p><!--more--><br \/>\nPour en savoir plus sur Philippe Lamberts et le sujet de sa conf\u00e9rence, visitez les sites :<\/p>\n<p>www.philippelamberts.eu <\/p>\n<p>www.pechesbancaires.eu<\/p>\n","protected":false},"excerpt":{"rendered":"<p>La Petite Echelle (association enghiennoise de microcr\u00e9dit) organise une conf\u00e9rence intitul\u00e9e \u00ab les sept p\u00e9ch\u00e9s capitaux des banques \u00bb avec comme invit\u00e9 le tr\u00e8s percutant et remuant d\u00e9put\u00e9 europ\u00e9en Ecolo, Philippe Lamberts. Cette conf\u00e9rence se tiendra \u00e0 la Maison Jonathas, le mardi 30 avril, \u00e0 20h.<\/p>\n","protected":false},"author":643,"featured_media":0,"comment_status":"closed","ping_status":"open","sticky":false,"template":"","format":"standard","meta":{"_acf_changed":false,"_et_pb_use_builder":"","_et_pb_old_content":"","_et_gb_content_width":"","footnotes":""},"categories":[20],"tags":[],"class_list":["post-294","post","type-post","status-publish","format-standard","hentry","category-economie"],"acf":[],"_links":{"self":[{"href":"https:\/\/enghien.ecolo.be\/nl\/wp-json\/wp\/v2\/posts\/294","targetHints":{"allow":["GET"]}}],"collection":[{"href":"https:\/\/enghien.ecolo.be\/nl\/wp-json\/wp\/v2\/posts"}],"about":[{"href":"https:\/\/enghien.ecolo.be\/nl\/wp-json\/wp\/v2\/types\/post"}],"author":[{"embeddable":true,"href":"https:\/\/enghien.ecolo.be\/nl\/wp-json\/wp\/v2\/users\/643"}],"replies":[{"embeddable":true,"href":"https:\/\/enghien.ecolo.be\/nl\/wp-json\/wp\/v2\/comments?post=294"}],"version-history":[{"count":1,"href":"https:\/\/enghien.ecolo.be\/nl\/wp-json\/wp\/v2\/posts\/294\/revisions"}],"predecessor-version":[{"id":689,"href":"https:\/\/enghien.ecolo.be\/nl\/wp-json\/wp\/v2\/posts\/294\/revisions\/689"}],"wp:attachment":[{"href":"https:\/\/enghien.ecolo.be\/nl\/wp-json\/wp\/v2\/media?parent=294"}],"wp:term":[{"taxonomy":"category","embeddable":true,"href":"https:\/\/enghien.ecolo.be\/nl\/wp-json\/wp\/v2\/categories?post=294"},{"taxonomy":"post_tag","embeddable":true,"href":"https:\/\/enghien.ecolo.be\/nl\/wp-json\/wp\/v2\/tags?post=294"}],"curies":[{"name":"wp","href":"https:\/\/api.w.org\/{rel}","templated":true}]}}