{"id":292,"date":"2014-12-04T13:50:00","date_gmt":"2014-12-04T12:50:00","guid":{"rendered":"http:\/\/enghien.ecolo.me\/2014\/12\/04\/benedicte-linard-notre-deputee\/"},"modified":"2016-12-16T07:34:11","modified_gmt":"2016-12-16T06:34:11","slug":"benedicte-linard-notre-deputee","status":"publish","type":"post","link":"https:\/\/enghien.ecolo.be\/nl\/2014\/12\/04\/benedicte-linard-notre-deputee\/","title":{"rendered":"B\u00e9n\u00e9dicte Linard, Echevine"},"content":{"rendered":"<p class=\"post_excerpt\">Le 4 septembre 2014, suite au d\u00e9c\u00e8s de l&#8217;Echevine Josiane Gillaer, B\u00e9n\u00e9dicte Linard devient Echevine et rejoint le Coll\u00e8ge communal. Ses attributions sont les suivantes : Finances, personnel, Emploi, Sant\u00e9, Egalit\u00e9 des chances, Lecture publique et Extrascolaire.<\/p>\n<p><!--more--><br \/>\nEnseignante de fran\u00e7ais dans une \u00e9cole d&#8217;Anderlecht de 2003 \u00e0 2009, arriv\u00e9e \u00e0 Marcq en 2005, B\u00e9n\u00e9dicte Linard se lance en 2009 dans sa premi\u00e8re campagne \u00e9lectorale pour ECOLO en tant que 1re suppl\u00e9ante \u00e0 la R\u00e9gion wallonne. <\/p>\n<p>Afin de renforcer son bagage en ce qui concerne les enjeux wallons, elle met entre parenth\u00e8se son boulot de prof pour rejoindre le cabinet du Ministre Nollet. <\/p>\n<p>Trois ans et demi plus tard, en d\u00e9cembre 2012, Olivier Saint-Amand devenant Bourgmestre d&#8217;Enghien, B\u00e9n\u00e9dicte est appel\u00e9e \u00e0 le remplacer en tant que d\u00e9put\u00e9e. Avec 12 coll\u00e8gues ECOLO, elle si\u00e8ge au Parlement wallon (PW), \u00e0 Namur, une semaine sur deux. L\u2019autre semaine est r\u00e9serv\u00e9e aux travaux du Parlement de la F\u00e9d\u00e9ration Wallonie-Bruxelles (ex Communaut\u00e9 fran\u00e7aise) qui se r\u00e9unit \u00e0 Bruxelles.  <\/p>\n<p>\u00c0 Namur, comme \u00e0 Bruxelles, B\u00e9n\u00e9dicte d\u00e9bat des projets de lois (d\u00e9crets) et interpelle les ministres sur des probl\u00e8mes qui concernent la r\u00e9gion ou l\u2019actualit\u00e9 du moment.  Elle travaille particuli\u00e8rement sur les mati\u00e8res locales, l&#8217;agriculture, la biodiversit\u00e9, les transports publics. A la F\u00e9d\u00e9ration Wallonie-Bruxelles, B\u00e9n\u00e9dicte si\u00e8ge dans la commission \u00ab \u00e9ducation \u00bb o\u00f9 elle ne manque pas d&#8217;interpeller la ministre Schyns sur des mati\u00e8res qu&#8217;elle conna\u00eet bien \u00e9tant enseignante de formation.<\/p>\n<p>Les \u00e9lections de mai 2014 et le r\u00e9sultat global mitig\u00e9 d&#8217;ECOLO mettent fin \u00e0 ce mandat de d\u00e9put\u00e9e. Alors que les contacts avaient \u00e9t\u00e9 repris avec son ancienne \u00e9cole pour reprendre son m\u00e9tier de prof, les ECOLOS d&#8217;Enghien connaissent un \u00e9v\u00e9nement d&#8217;une grande tristesse en juin 2014 : leur Echevine Josiane Gillaer d\u00e9c\u00e8de suite \u00e0 un cancer. <\/p>\n<p>En septembre, la section locale d&#8217;Enghien \u00e9lit B\u00e9n\u00e9dicte Linard pour reprendre le mandat d&#8217;\u00e9chevine. Fonction qu&#8217;elle occupe depuis le 4 septembre 2014.<\/p>\n<p>Ses attributions sont quasi identiques \u00e0 celles de Josiane, \u00e0 la diff\u00e9rence pr\u00e8s qu&#8217;elle a c\u00e9d\u00e9 la Culture \u00e0 Olivier Saint-Amand en \u00e9change des Finances. Ses comp\u00e9tences scabinales sont donc les suivantes:<\/p>\n<p>&#8211; Finances<br \/>\n&#8211; Personnel communal<br \/>\n&#8211; Emploi<br \/>\n&#8211; Sant\u00e9<br \/>\n&#8211; Egalit\u00e9 des chances et Famille<br \/>\n&#8211; Extrasccolaire<br \/>\n&#8211; Lecture publique<\/p>\n<p>Elle remplace aussi Josiane \u00e0 la pr\u00e9sidence de la coordination sociale qui r\u00e9unit tous les acteurs publics ou associations pr\u00e9sents sur la commune qui travaille \u00e0 une meilleure coh\u00e9sion sociale.<\/p>\n","protected":false},"excerpt":{"rendered":"<p>Le 4 septembre 2014, suite au d\u00e9c\u00e8s de l&#8217;Echevine Josiane Gillaer, B\u00e9n\u00e9dicte Linard devient Echevine et rejoint le Coll\u00e8ge communal. Ses attributions sont les suivantes : Finances, personnel, Emploi, Sant\u00e9, Egalit\u00e9 des chances, Lecture publique et Extrascolaire.<\/p>\n","protected":false},"author":643,"featured_media":291,"comment_status":"closed","ping_status":"open","sticky":false,"template":"","format":"standard","meta":{"_acf_changed":false,"_et_pb_use_builder":"","_et_pb_old_content":"","_et_gb_content_width":"","footnotes":""},"categories":[6],"tags":[],"class_list":["post-292","post","type-post","status-publish","format-standard","has-post-thumbnail","hentry","category-ecolo-enghien"],"acf":[],"_links":{"self":[{"href":"https:\/\/enghien.ecolo.be\/nl\/wp-json\/wp\/v2\/posts\/292","targetHints":{"allow":["GET"]}}],"collection":[{"href":"https:\/\/enghien.ecolo.be\/nl\/wp-json\/wp\/v2\/posts"}],"about":[{"href":"https:\/\/enghien.ecolo.be\/nl\/wp-json\/wp\/v2\/types\/post"}],"author":[{"embeddable":true,"href":"https:\/\/enghien.ecolo.be\/nl\/wp-json\/wp\/v2\/users\/643"}],"replies":[{"embeddable":true,"href":"https:\/\/enghien.ecolo.be\/nl\/wp-json\/wp\/v2\/comments?post=292"}],"version-history":[{"count":1,"href":"https:\/\/enghien.ecolo.be\/nl\/wp-json\/wp\/v2\/posts\/292\/revisions"}],"predecessor-version":[{"id":619,"href":"https:\/\/enghien.ecolo.be\/nl\/wp-json\/wp\/v2\/posts\/292\/revisions\/619"}],"wp:featuredmedia":[{"embeddable":true,"href":"https:\/\/enghien.ecolo.be\/nl\/wp-json\/wp\/v2\/media\/291"}],"wp:attachment":[{"href":"https:\/\/enghien.ecolo.be\/nl\/wp-json\/wp\/v2\/media?parent=292"}],"wp:term":[{"taxonomy":"category","embeddable":true,"href":"https:\/\/enghien.ecolo.be\/nl\/wp-json\/wp\/v2\/categories?post=292"},{"taxonomy":"post_tag","embeddable":true,"href":"https:\/\/enghien.ecolo.be\/nl\/wp-json\/wp\/v2\/tags?post=292"}],"curies":[{"name":"wp","href":"https:\/\/api.w.org\/{rel}","templated":true}]}}