{"id":277,"date":"2013-04-26T14:27:29","date_gmt":"2013-04-26T12:27:29","guid":{"rendered":"http:\/\/enghien.ecolo.me\/2013\/04\/26\/festival-lasemo-a-enghien\/"},"modified":"2016-12-16T07:34:13","modified_gmt":"2016-12-16T06:34:13","slug":"festival-lasemo-a-enghien","status":"publish","type":"post","link":"https:\/\/enghien.ecolo.be\/nl\/2013\/04\/26\/festival-lasemo-a-enghien\/","title":{"rendered":"Festival LaSemo \u00e0 Enghien"},"content":{"rendered":"<p class=\"post_excerpt\"><img206|left><br \/>\nLe week-end des 12, 13 et 14 juillet, Enghien accueillera le Festival LaSemo. Ce festival se trouve aux carrefours de la musique et des arts de la rue, de la convivialit\u00e9 et du d\u00e9veloppement durable, d&#8217;une sortie entre amis ou en famille.\n<\/p>\n<p><!--more--><br \/>\n<img loading=\"lazy\" decoding=\"async\" class=\" alignleft size-full wp-image-275\" src=\"http:\/\/enghien.ecolo.me\/wp-content\/uploads\/sites\/462\/2013\/04\/jpg_lasemo_2jpg.jpg\" alt=\"lasemo_2jpg.jpg\" align=\"left\" width=\"310\" height=\"200\" srcset=\"https:\/\/enghien.ecolo.be\/wp-content\/uploads\/sites\/462\/2013\/04\/jpg_lasemo_2jpg.jpg 310w, https:\/\/enghien.ecolo.be\/wp-content\/uploads\/sites\/462\/2013\/04\/jpg_lasemo_2jpg-300x194.jpg 300w\" sizes=\"(max-width: 310px) 100vw, 310px\" \/><\/p>\n<p>Il n&#8217;aura pas fallu longtemps \u00e0 notre nouveau bourgmestre, Olivier Saint-Amand, et sa nouvelle \u00e9quipe pour imprimer la marque du changement dans la dynamisation de la Ville et du Parc.<\/p>\n<p>D\u00e8s janvier, la d\u00e9cision a \u00e9t\u00e9 prise d&#8217;accueillir le festival LaSemo, festival musical et des arts de la rue qui se d\u00e9roulera dans le Parc. Ce festival convivial et familial a aussi fait des choix durables : r\u00e9duction importante des d\u00e9chets (gobelets r\u00e9-utilisables, &#8230;), toilettes s\u00e8ches, valorisation du transport en commun, accessibilit\u00e9 pour les personnes \u00e0 mobilit\u00e9 r\u00e9duite, etc. Autant d&#8217;initiatives qui donnent \u00e0 ce festival un caract\u00e8re unique. <\/p>\n<p>LaSemo, organis\u00e9 pendant 5 ans \u00e0 Hotton, a attir\u00e9 des milliers de visiteurs. Sur 3 jours, quelques 20.000 jeunes et familles (dont un millier d&#8217;enfants) y ont particip\u00e9 \u00e0 l&#8217;ambiance festive .<\/p>\n<p><img loading=\"lazy\" decoding=\"async\" class=\" alignleft size-full wp-image-276\" src=\"http:\/\/enghien.ecolo.me\/wp-content\/uploads\/sites\/462\/2013\/04\/jpg_LaSemo-1.jpg\" alt=\"LaSemo-1.jpg\" align=\"left\" width=\"621\" height=\"435\" srcset=\"https:\/\/enghien.ecolo.be\/wp-content\/uploads\/sites\/462\/2013\/04\/jpg_LaSemo-1.jpg 621w, https:\/\/enghien.ecolo.be\/wp-content\/uploads\/sites\/462\/2013\/04\/jpg_LaSemo-1-300x210.jpg 300w\" sizes=\"(max-width: 621px) 100vw, 621px\" \/><\/p>\n<p><strong>ORGANISATION ET CO\u00dbT :<\/strong><br \/>\nApr\u00e8s avoir rencontr\u00e9 les organisateurs \u00e0 plusieurs reprises, la Ville a relev\u00e9 le d\u00e9fi et s&#8217;est lanc\u00e9e dans l&#8217;aventure. Toute l&#8217;organisation est prise en charge par le Festival lui-m\u00eame. La Ville quant \u00e0 elle s&#8217;est engag\u00e9e \u00e0 donner l&#8217;acc\u00e8s au Parc et suit de pr\u00e8s les pr\u00e9paratifs de l&#8217;\u00e9v\u00e9nement. La Police et le service Incendie sont impliqu\u00e9s dans la d\u00e9finition des r\u00e8gles de s\u00e9curit\u00e9. <\/p>\n<p>En termes de co\u00fbt, notre bourgmestre a n\u00e9goci\u00e9 une diminution de la part demand\u00e9e \u00e0 la Ville d&#8217;Enghien. Avec la valorisations des infrastructures telles que les Ecuries, le Ch\u00e2teau ou la salle des Acacias, le montant demand\u00e9 est pass\u00e9 de 50.000 \u00e0 25.000 euros desquels il faudra encore d\u00e9duire les subventions et sponsorings trouv\u00e9s par la Ville (NoTele, Ideta et la Maison du tourisme on d\u00e9j\u00e0 confirm\u00e9 leur soutien \u00e0 cet \u00e9v\u00e9nement). Cet investissement communal se justifie par l&#8217;impact extr\u00eamement positif que le festival va avoir sur les commerces et l&#8217;horeca. A Hotton, les retomb\u00e9es \u00e9conomiques globales se chiffraient \u00e0 pr\u00e8s de 600.000 euros. <\/p>\n<p>Depuis ce 26 avril, les tickets pour la formule &#8220;3 jours&#8221; sont en vente sur le site de LaSemo. Les autres seront accessibles dans la premi\u00e8re quinzaine de mai. Un tarif pr\u00e9f\u00e9rentiel (r\u00e9duction de 10 euros) est pr\u00e9vu pour les Enghiennois (\u00e9crire &#8220;enghien&#8221; comme code promotionnel lors de la r\u00e9servation en ligne&#8230; Attention, une preuve de r\u00e9sidence vous sera demand\u00e9e)<\/p>\n<p><strong>SPECTACLES:<\/strong><br \/>\nLe Festival LaSemo offre une centaine de spectacles:<br \/>\n&#8211; des concerts sur la grande sc\u00e8ne pr\u00e8s des Ecuries : avec les Cowboys Fringants, Amadou et Mariam, Camping De Luxe, Fatals Picards, le Grand Jojo, Barcella, Dan San, Roscoe, Li-lo et bien d&#8217;autres;<br \/>\n&#8211; des concerts sur la petite sc\u00e8ne face au Ch\u00e2teau : Skarbone 14, Gaetan Streel, C\u00e9dric Gervy, Les D\u00e9m\u00e9nageurs et Spleen, groupe enghiennois;<br \/>\n&#8211; un festival d&#8217;Arts de la rue (entre autres sur la sc\u00e8ne flottante et pr\u00e8s de la Chapelle castrale), de th\u00e9\u00e2tre et de cirque;<br \/>\n&#8211; une rencontre avec une trentaine d&#8217;associations qui se mobilisent pour le d\u00e9veloppement durable avec comme fil conducteur cette ann\u00e9e le th\u00e8me &#8220;agir ensemble&#8221;. <\/p>\n<p><strong>BENEVOLES:<\/strong><br \/>\nDans la premi\u00e8re quinzaine de mai, LaSemo publiera sur son site un appel aux b\u00e9n\u00e9voles. Avis aux amateurs!<\/p>\n<p><em>Pour toute information: http:\/\/www.lasemo.be\/2013\/<\/em><\/p>\n","protected":false},"excerpt":{"rendered":"<p>Le week-end des 12, 13 et 14 juillet, Enghien accueillera le Festival LaSemo. Ce festival se trouve aux carrefours de la musique et des arts de la rue, de la convivialit\u00e9 et du d\u00e9veloppement durable, d&#8217;une sortie entre amis ou en famille.<\/p>\n","protected":false},"author":643,"featured_media":275,"comment_status":"closed","ping_status":"open","sticky":false,"template":"","format":"standard","meta":{"_acf_changed":false,"_et_pb_use_builder":"","_et_pb_old_content":"","_et_gb_content_width":"","footnotes":""},"categories":[11],"tags":[],"class_list":["post-277","post","type-post","status-publish","format-standard","has-post-thumbnail","hentry","category-culture"],"acf":[],"_links":{"self":[{"href":"https:\/\/enghien.ecolo.be\/nl\/wp-json\/wp\/v2\/posts\/277","targetHints":{"allow":["GET"]}}],"collection":[{"href":"https:\/\/enghien.ecolo.be\/nl\/wp-json\/wp\/v2\/posts"}],"about":[{"href":"https:\/\/enghien.ecolo.be\/nl\/wp-json\/wp\/v2\/types\/post"}],"author":[{"embeddable":true,"href":"https:\/\/enghien.ecolo.be\/nl\/wp-json\/wp\/v2\/users\/643"}],"replies":[{"embeddable":true,"href":"https:\/\/enghien.ecolo.be\/nl\/wp-json\/wp\/v2\/comments?post=277"}],"version-history":[{"count":1,"href":"https:\/\/enghien.ecolo.be\/nl\/wp-json\/wp\/v2\/posts\/277\/revisions"}],"predecessor-version":[{"id":684,"href":"https:\/\/enghien.ecolo.be\/nl\/wp-json\/wp\/v2\/posts\/277\/revisions\/684"}],"wp:featuredmedia":[{"embeddable":true,"href":"https:\/\/enghien.ecolo.be\/nl\/wp-json\/wp\/v2\/media\/275"}],"wp:attachment":[{"href":"https:\/\/enghien.ecolo.be\/nl\/wp-json\/wp\/v2\/media?parent=277"}],"wp:term":[{"taxonomy":"category","embeddable":true,"href":"https:\/\/enghien.ecolo.be\/nl\/wp-json\/wp\/v2\/categories?post=277"},{"taxonomy":"post_tag","embeddable":true,"href":"https:\/\/enghien.ecolo.be\/nl\/wp-json\/wp\/v2\/tags?post=277"}],"curies":[{"name":"wp","href":"https:\/\/api.w.org\/{rel}","templated":true}]}}