{"id":265,"date":"2014-10-15T15:40:00","date_gmt":"2014-10-15T13:40:00","guid":{"rendered":"http:\/\/enghien.ecolo.me\/2014\/10\/15\/attributions-des-echevins\/"},"modified":"2016-12-16T07:34:11","modified_gmt":"2016-12-16T06:34:11","slug":"attributions-des-echevins","status":"publish","type":"post","link":"https:\/\/enghien.ecolo.be\/nl\/2014\/10\/15\/attributions-des-echevins\/","title":{"rendered":"Attributions des \u00e9chevins"},"content":{"rendered":"<p class=\"post_excerpt\">Suite au remplacement de Josiane Gillaer au coll\u00e8ge communal par B\u00e9n\u00e9dicte Linard le 4 septembre 2014, le Conseil communal a vot\u00e9 un avenant au pacte de majorit\u00e9. Les comp\u00e9tences des diff\u00e9rents \u00e9chevins se r\u00e9partissent dor\u00e9navant comme suit:<\/p>\n<p><!--more--><br \/>\n<strong>Olivier Saint-Amand Bourgmestre<\/strong> (ECOLO)<\/p>\n<p>S\u00e9curit\u00e9 et ordre public. Culture. Parc et tourisme. Participation citoyenne. Plan strat\u00e9gique transversal. Communication.<\/p>\n<p><strong>Florine Pary-Mille 1\u00e8re \u00e9chevine<\/strong> (MR)<\/p>\n<p>Animation et jumelage. D\u00e9veloppement \u00e9conomique. Commerce et d\u00e9veloppement local. Enseignement communal et artistique.<\/p>\n<p><strong>Guy Devriese 2\u00e8me \u00e9chevin<\/strong> (ECOLO)<\/p>\n<p>Travaux publics. Mobilit\u00e9 et s\u00e9curit\u00e9 routi\u00e8re. Environnement. D\u00e9veloppement durable et \u00e9nergie. Associations patriotiques.<\/p>\n<p><strong>Jean-Yves Sturbois 3\u00e8me \u00e9chevin<\/strong> (MR)<\/p>\n<p>Am\u00e9nagement du territoire et urbanisme. Patrimoine. D\u00e9veloppement du centre ville et r\u00e9novation urbaine. Agriculture, ruralit\u00e9 et slowfood. Population et \u00e9tat civil.<\/p>\n<p><strong>Philippe Streydio 4\u00e8me \u00e9chevin<\/strong> (MR)<\/p>\n<p>Sport et jeunesse. March\u00e9s publics. Informatique et technologies de l\u2019information et de la communication. Logement.<\/p>\n<p><strong>B\u00e9n\u00e9dicte Linard 5\u00e8me \u00e9chevine<\/strong> (ECOLO)<\/p>\n<p>Budget &#038; finances. Personnel communal. Lecture publique. Emploi. Familles et accueil extrascolaire. Sant\u00e9. \u00c9galit\u00e9 des chances.<\/p>\n<p><strong>Christophe Deville Pr\u00e9sident du <strong>CPAS<\/strong> (PS)<\/p>\n<p>CPAS. Solidarit\u00e9 et affaires sociales. Enfance. A\u00een\u00e9s. Cultes et la\u00efcit\u00e9.<\/p>\n","protected":false},"excerpt":{"rendered":"<p>Suite au remplacement de Josiane Gillaer au coll\u00e8ge communal par B\u00e9n\u00e9dicte Linard le 4 septembre 2014, le Conseil communal a vot\u00e9 un avenant au pacte de majorit\u00e9. Les comp\u00e9tences des diff\u00e9rents \u00e9chevins se r\u00e9partissent dor\u00e9navant comme suit:<\/p>\n","protected":false},"author":643,"featured_media":264,"comment_status":"closed","ping_status":"open","sticky":false,"template":"","format":"standard","meta":{"_acf_changed":false,"_et_pb_use_builder":"","_et_pb_old_content":"","_et_gb_content_width":"","footnotes":""},"categories":[6],"tags":[],"class_list":["post-265","post","type-post","status-publish","format-standard","has-post-thumbnail","hentry","category-ecolo-enghien"],"acf":[],"_links":{"self":[{"href":"https:\/\/enghien.ecolo.be\/nl\/wp-json\/wp\/v2\/posts\/265","targetHints":{"allow":["GET"]}}],"collection":[{"href":"https:\/\/enghien.ecolo.be\/nl\/wp-json\/wp\/v2\/posts"}],"about":[{"href":"https:\/\/enghien.ecolo.be\/nl\/wp-json\/wp\/v2\/types\/post"}],"author":[{"embeddable":true,"href":"https:\/\/enghien.ecolo.be\/nl\/wp-json\/wp\/v2\/users\/643"}],"replies":[{"embeddable":true,"href":"https:\/\/enghien.ecolo.be\/nl\/wp-json\/wp\/v2\/comments?post=265"}],"version-history":[{"count":1,"href":"https:\/\/enghien.ecolo.be\/nl\/wp-json\/wp\/v2\/posts\/265\/revisions"}],"predecessor-version":[{"id":635,"href":"https:\/\/enghien.ecolo.be\/nl\/wp-json\/wp\/v2\/posts\/265\/revisions\/635"}],"wp:featuredmedia":[{"embeddable":true,"href":"https:\/\/enghien.ecolo.be\/nl\/wp-json\/wp\/v2\/media\/264"}],"wp:attachment":[{"href":"https:\/\/enghien.ecolo.be\/nl\/wp-json\/wp\/v2\/media?parent=265"}],"wp:term":[{"taxonomy":"category","embeddable":true,"href":"https:\/\/enghien.ecolo.be\/nl\/wp-json\/wp\/v2\/categories?post=265"},{"taxonomy":"post_tag","embeddable":true,"href":"https:\/\/enghien.ecolo.be\/nl\/wp-json\/wp\/v2\/tags?post=265"}],"curies":[{"name":"wp","href":"https:\/\/api.w.org\/{rel}","templated":true}]}}