{"id":263,"date":"2014-10-16T21:45:00","date_gmt":"2014-10-16T19:45:00","guid":{"rendered":"http:\/\/enghien.ecolo.me\/2014\/10\/16\/mandataires-ecolo86\/"},"modified":"2016-12-16T07:34:11","modified_gmt":"2016-12-16T06:34:11","slug":"mandataires-ecolo86","status":"publish","type":"post","link":"https:\/\/enghien.ecolo.be\/nl\/2014\/10\/16\/mandataires-ecolo86\/","title":{"rendered":"Nouveaux mandataires Ecolo"},"content":{"rendered":"<p class=\"post_excerpt\">Presque deux ans apr\u00e8s les \u00e9lections communales, suite au d\u00e9c\u00e8s de Josiane Gillaer, quelques changements sont intervenus dans l&#8217;\u00e9quipe de mandataires Ecolo. <\/p>\n<p><!--more--><br \/>\nSuite au d\u00e9c\u00e8s de Josiane Gillaer, Michelle Verhulst a pr\u00eat\u00e9 serment en tant que conseill\u00e8re communale et B\u00e9n\u00e9dicte Linard, ex-d\u00e9put\u00e9e wallonne, est devenue \u00e9chevine au sein du Coll\u00e8ge communal.<\/p>\n<p>Apr\u00e8s 12 ans d&#8217;investissement intense et de pr\u00e9sence active \u00e0 Nautisport, Dany Dehandschutter a souhait\u00e9 c\u00e9der la place. Il confie son mandat au sein du comit\u00e9 de direction de Nautisport \u00e0 Christophe Medaets.<\/p>\n<p><img loading=\"lazy\" decoding=\"async\" class=\" alignleft size-full wp-image-262\" src=\"http:\/\/enghien.ecolo.me\/wp-content\/uploads\/sites\/462\/2014\/10\/jpg_Elus_ECOLO_2012_complet_2_copie.jpg\" alt=\"Elus_ECOLO_2012_complet_2_copie.jpg\" align=\"left\" width=\"1240\" height=\"1754\" srcset=\"https:\/\/enghien.ecolo.be\/wp-content\/uploads\/sites\/462\/2014\/10\/jpg_Elus_ECOLO_2012_complet_2_copie.jpg 1240w, https:\/\/enghien.ecolo.be\/wp-content\/uploads\/sites\/462\/2014\/10\/jpg_Elus_ECOLO_2012_complet_2_copie-212x300.jpg 212w, https:\/\/enghien.ecolo.be\/wp-content\/uploads\/sites\/462\/2014\/10\/jpg_Elus_ECOLO_2012_complet_2_copie-768x1086.jpg 768w, https:\/\/enghien.ecolo.be\/wp-content\/uploads\/sites\/462\/2014\/10\/jpg_Elus_ECOLO_2012_complet_2_copie-724x1024.jpg 724w, https:\/\/enghien.ecolo.be\/wp-content\/uploads\/sites\/462\/2014\/10\/jpg_Elus_ECOLO_2012_complet_2_copie-1080x1528.jpg 1080w\" sizes=\"(max-width: 1240px) 100vw, 1240px\" \/><br \/>\n<a href=\"http:\/\/www.enghien2024.ecolo.me\/?Attributions-des-echevins&#038;var_mode=calcul\">D\u00e9couvrez aussi la r\u00e9partition des comp\u00e9tences entre les membres du Coll\u00e8ge communal&#8230;<\/a><\/p>\n","protected":false},"excerpt":{"rendered":"<p>Presque deux ans apr\u00e8s les \u00e9lections communales, suite au d\u00e9c\u00e8s de Josiane Gillaer, quelques changements sont intervenus dans l&#8217;\u00e9quipe de mandataires Ecolo.<\/p>\n","protected":false},"author":643,"featured_media":261,"comment_status":"closed","ping_status":"open","sticky":false,"template":"","format":"standard","meta":{"_acf_changed":false,"_et_pb_use_builder":"","_et_pb_old_content":"","_et_gb_content_width":"","footnotes":""},"categories":[6],"tags":[],"class_list":["post-263","post","type-post","status-publish","format-standard","has-post-thumbnail","hentry","category-ecolo-enghien"],"acf":[],"_links":{"self":[{"href":"https:\/\/enghien.ecolo.be\/nl\/wp-json\/wp\/v2\/posts\/263","targetHints":{"allow":["GET"]}}],"collection":[{"href":"https:\/\/enghien.ecolo.be\/nl\/wp-json\/wp\/v2\/posts"}],"about":[{"href":"https:\/\/enghien.ecolo.be\/nl\/wp-json\/wp\/v2\/types\/post"}],"author":[{"embeddable":true,"href":"https:\/\/enghien.ecolo.be\/nl\/wp-json\/wp\/v2\/users\/643"}],"replies":[{"embeddable":true,"href":"https:\/\/enghien.ecolo.be\/nl\/wp-json\/wp\/v2\/comments?post=263"}],"version-history":[{"count":1,"href":"https:\/\/enghien.ecolo.be\/nl\/wp-json\/wp\/v2\/posts\/263\/revisions"}],"predecessor-version":[{"id":634,"href":"https:\/\/enghien.ecolo.be\/nl\/wp-json\/wp\/v2\/posts\/263\/revisions\/634"}],"wp:featuredmedia":[{"embeddable":true,"href":"https:\/\/enghien.ecolo.be\/nl\/wp-json\/wp\/v2\/media\/261"}],"wp:attachment":[{"href":"https:\/\/enghien.ecolo.be\/nl\/wp-json\/wp\/v2\/media?parent=263"}],"wp:term":[{"taxonomy":"category","embeddable":true,"href":"https:\/\/enghien.ecolo.be\/nl\/wp-json\/wp\/v2\/categories?post=263"},{"taxonomy":"post_tag","embeddable":true,"href":"https:\/\/enghien.ecolo.be\/nl\/wp-json\/wp\/v2\/tags?post=263"}],"curies":[{"name":"wp","href":"https:\/\/api.w.org\/{rel}","templated":true}]}}