{"id":255,"date":"2012-10-07T17:20:33","date_gmt":"2012-10-07T15:20:33","guid":{"rendered":"http:\/\/enghien.ecolo.me\/2012\/10\/07\/effondrement-a-la-rue-de-coquiane\/"},"modified":"2016-12-16T07:34:14","modified_gmt":"2016-12-16T06:34:14","slug":"effondrement-a-la-rue-de-coquiane","status":"publish","type":"post","link":"https:\/\/enghien.ecolo.be\/nl\/2012\/10\/07\/effondrement-a-la-rue-de-coquiane\/","title":{"rendered":"Effondrement \u00e0 la rue de Coquiane, une priorit\u00e9 pour Ecolo."},"content":{"rendered":"<p class=\"post_excerpt\">Un article paru dans la presse laissait entendre que l&#8217;\u00e9chevin des travaux ne faisait pas une priorit\u00e9 des r\u00e9parations \u00e0 apporter au trou \u00e9norme qui apparait r\u00e9guli\u00e8rement au carrefour des rues de Coquiane et Caremberg. Information erron\u00e9e. Une r\u00e9paration en profondeur sera r\u00e9alis\u00e9e dans les plus brefs d\u00e9lais.<\/p>\n<p><!--more--><br \/>\nA plusieurs reprises, ces derni\u00e8res ann\u00e9es, un effondrement de voirie a \u00e9t\u00e9 constat\u00e9 \u00e0 cet endroit. Par souci de s\u00e9curit\u00e9, la Ville a rebouch\u00e9 le trou et r\u00e9-asphalt\u00e9 la route. La r\u00e9p\u00e9tition de cette d\u00e9gradation \u00e9tant pr\u00e9occupante, Guy Devriese a toutefois demand\u00e9 le passage d&#8217;une cam\u00e9ra dans les canalisations qui se trouvent \u00e0 cet endroit.<\/p>\n<p>Cette op\u00e9ration a permis de constater qu&#8217;il y avait un probl\u00e8me \u00e0 l&#8217;\u00e9gouttage et qu&#8217;une fuite importante \u00e9tait \u00e0 l&#8217;origine du probl\u00e8me.  L&#8217;\u00e9coulement sous-terrain des eaux entrainait \u00e0 chaque fois les terres et des effondrements \u00e0 r\u00e9p\u00e9tition \u00e9taient in\u00e9vitables.<\/p>\n<p>Inutile donc de r\u00e9aliser \u00e0 nouveau une r\u00e9paration de fortune qui ne tiendra que quelques mois&#8230; L&#8217;\u00e9chevin des travaux a pr\u00e9f\u00e9r\u00e9 organiser un march\u00e9 public pour d\u00e9signer une soci\u00e9t\u00e9 capable d&#8217;effectuer les r\u00e9parations en profondeur qui s&#8217;imposent. Cette soci\u00e9t\u00e9 a \u00e9t\u00e9 d\u00e9sign\u00e9e et r\u00e9alisera prochainement les travaux n\u00e9cessaires.<\/p>\n","protected":false},"excerpt":{"rendered":"<p>Un article paru dans la presse laissait entendre que l&#8217;\u00e9chevin des travaux ne faisait pas une priorit\u00e9 des r\u00e9parations \u00e0 apporter au trou \u00e9norme qui apparait r\u00e9guli\u00e8rement au carrefour des rues de Coquiane et Caremberg. Information erron\u00e9e. Une r\u00e9paration en profondeur sera r\u00e9alis\u00e9e dans les plus brefs d\u00e9lais.<\/p>\n","protected":false},"author":643,"featured_media":0,"comment_status":"closed","ping_status":"open","sticky":false,"template":"","format":"standard","meta":{"_acf_changed":false,"_et_pb_use_builder":"","_et_pb_old_content":"","_et_gb_content_width":"","footnotes":""},"categories":[20],"tags":[],"class_list":["post-255","post","type-post","status-publish","format-standard","hentry","category-economie"],"acf":[],"_links":{"self":[{"href":"https:\/\/enghien.ecolo.be\/nl\/wp-json\/wp\/v2\/posts\/255","targetHints":{"allow":["GET"]}}],"collection":[{"href":"https:\/\/enghien.ecolo.be\/nl\/wp-json\/wp\/v2\/posts"}],"about":[{"href":"https:\/\/enghien.ecolo.be\/nl\/wp-json\/wp\/v2\/types\/post"}],"author":[{"embeddable":true,"href":"https:\/\/enghien.ecolo.be\/nl\/wp-json\/wp\/v2\/users\/643"}],"replies":[{"embeddable":true,"href":"https:\/\/enghien.ecolo.be\/nl\/wp-json\/wp\/v2\/comments?post=255"}],"version-history":[{"count":1,"href":"https:\/\/enghien.ecolo.be\/nl\/wp-json\/wp\/v2\/posts\/255\/revisions"}],"predecessor-version":[{"id":698,"href":"https:\/\/enghien.ecolo.be\/nl\/wp-json\/wp\/v2\/posts\/255\/revisions\/698"}],"wp:attachment":[{"href":"https:\/\/enghien.ecolo.be\/nl\/wp-json\/wp\/v2\/media?parent=255"}],"wp:term":[{"taxonomy":"category","embeddable":true,"href":"https:\/\/enghien.ecolo.be\/nl\/wp-json\/wp\/v2\/categories?post=255"},{"taxonomy":"post_tag","embeddable":true,"href":"https:\/\/enghien.ecolo.be\/nl\/wp-json\/wp\/v2\/tags?post=255"}],"curies":[{"name":"wp","href":"https:\/\/api.w.org\/{rel}","templated":true}]}}