{"id":232,"date":"2012-09-14T15:10:00","date_gmt":"2012-09-14T13:10:00","guid":{"rendered":"http:\/\/enghien.ecolo.me\/2012\/09\/14\/le-bibliotheque-accueille-les\/"},"modified":"2016-12-16T07:34:14","modified_gmt":"2016-12-16T06:34:14","slug":"le-bibliotheque-accueille-les","status":"publish","type":"post","link":"https:\/\/enghien.ecolo.be\/nl\/2012\/09\/14\/le-bibliotheque-accueille-les\/","title":{"rendered":"Les biblioth\u00e8ques accueillent les enfants des \u00e9coles"},"content":{"rendered":"<p class=\"post_excerpt\"><doc161|left> Les biblioth\u00e8ques d\u2019Enghien et de Petit-Enghien accueillent chaque ann\u00e9e les enfants des \u00e9coles primaires de l\u2019entit\u00e9. Des animations sont propos\u00e9es et les enfants peuvent emprunter des livres pour l\u2019\u00e9cole ou la maison. <\/p>\n<p><!--more--><br \/>\nLes biblioth\u00e9caires accueillent chaque semaine des centaines d&#8217;enfants qui d\u00e9couvrent ou red\u00e9couvrent ainsi le plaisir de lire.  Ils sont accompagn\u00e9s par des \u00e9quipes de b\u00e9n\u00e9voles dont la pr\u00e9sence est indispensable pour le bon fonctionnement du pr\u00eat de livres. <\/p>\n<p>A Enghien, comme \u00e0 Petit-Enghien, les visites des enfants reprendront d\u00e8s le d\u00e9but octobre. Pour l\u2019\u00e9cole de Marcq, c\u2019est le service d\u00e9centralis\u00e9 du Bibliobus qui permet aux \u00e9l\u00e8ves d\u2019emprunter des livres.<\/p>\n","protected":false},"excerpt":{"rendered":"<p>Les biblioth\u00e8ques d\u2019Enghien et de Petit-Enghien accueillent chaque ann\u00e9e les enfants des \u00e9coles primaires de l\u2019entit\u00e9. Des animations sont propos\u00e9es et les enfants peuvent emprunter des livres pour l\u2019\u00e9cole ou la maison.<\/p>\n","protected":false},"author":643,"featured_media":0,"comment_status":"closed","ping_status":"open","sticky":false,"template":"","format":"standard","meta":{"_acf_changed":false,"_et_pb_use_builder":"","_et_pb_old_content":"","_et_gb_content_width":"","footnotes":""},"categories":[11],"tags":[],"class_list":["post-232","post","type-post","status-publish","format-standard","hentry","category-culture"],"acf":[],"_links":{"self":[{"href":"https:\/\/enghien.ecolo.be\/nl\/wp-json\/wp\/v2\/posts\/232","targetHints":{"allow":["GET"]}}],"collection":[{"href":"https:\/\/enghien.ecolo.be\/nl\/wp-json\/wp\/v2\/posts"}],"about":[{"href":"https:\/\/enghien.ecolo.be\/nl\/wp-json\/wp\/v2\/types\/post"}],"author":[{"embeddable":true,"href":"https:\/\/enghien.ecolo.be\/nl\/wp-json\/wp\/v2\/users\/643"}],"replies":[{"embeddable":true,"href":"https:\/\/enghien.ecolo.be\/nl\/wp-json\/wp\/v2\/comments?post=232"}],"version-history":[{"count":1,"href":"https:\/\/enghien.ecolo.be\/nl\/wp-json\/wp\/v2\/posts\/232\/revisions"}],"predecessor-version":[{"id":708,"href":"https:\/\/enghien.ecolo.be\/nl\/wp-json\/wp\/v2\/posts\/232\/revisions\/708"}],"wp:attachment":[{"href":"https:\/\/enghien.ecolo.be\/nl\/wp-json\/wp\/v2\/media?parent=232"}],"wp:term":[{"taxonomy":"category","embeddable":true,"href":"https:\/\/enghien.ecolo.be\/nl\/wp-json\/wp\/v2\/categories?post=232"},{"taxonomy":"post_tag","embeddable":true,"href":"https:\/\/enghien.ecolo.be\/nl\/wp-json\/wp\/v2\/tags?post=232"}],"curies":[{"name":"wp","href":"https:\/\/api.w.org\/{rel}","templated":true}]}}