{"id":2134,"date":"2019-04-13T16:30:05","date_gmt":"2019-04-13T14:30:05","guid":{"rendered":"https:\/\/enghien2024.ecolo.me\/?p=2134"},"modified":"2019-04-17T12:17:28","modified_gmt":"2019-04-17T10:17:28","slug":"fete-du-bourgmestre-enghien-samedi-11-mai-2019","status":"publish","type":"post","link":"https:\/\/enghien.ecolo.be\/nl\/2019\/04\/13\/fete-du-bourgmestre-enghien-samedi-11-mai-2019\/","title":{"rendered":"F\u00eate du Bourgmestre le samedi 11 mai 2019 d\u00e8s 17h30"},"content":{"rendered":"<p><\/p>\n<h2>UITNODIGING<\/h2>\n<h4>Ik ben blij u uit te nodigen op het feest van de Burgemeester, een moment van gezelligheid dat zal plaatsvinden op <strong>zaterdag 11 mei om 17u30<\/strong> in het prachtige kader van<strong> het Kasteel van het Park van Edingen<\/strong>.<\/h4>\n<h4><img loading=\"lazy\" decoding=\"async\" class=\"size-thumbnail wp-image-2136 alignnone\" src=\"https:\/\/enghien2024.ecolo.me\/wp-content\/uploads\/sites\/462\/2019\/04\/Olivier-Saint-Amand-Bourgmestre-Enghien-1-150x150.png\" alt=\"\" width=\"150\" height=\"150\" srcset=\"https:\/\/enghien.ecolo.be\/wp-content\/uploads\/sites\/462\/2019\/04\/Olivier-Saint-Amand-Bourgmestre-Enghien-1-150x150.png 150w, https:\/\/enghien.ecolo.be\/wp-content\/uploads\/sites\/462\/2019\/04\/Olivier-Saint-Amand-Bourgmestre-Enghien-1.png 250w\" sizes=\"(max-width: 150px) 100vw, 150px\" \/><\/h4>\n<h4><em><strong>We kijken ernaar uit u daar te zien!<\/strong><\/em><\/h4>\n<p>Olivier Saint-Amand<\/p>\n<h2><img loading=\"lazy\" decoding=\"async\" class=\"size-thumbnail wp-image-2145 alignnone\" src=\"https:\/\/enghien2024.ecolo.me\/wp-content\/uploads\/sites\/462\/2019\/04\/Apero-animations-150x150.png\" alt=\"\" width=\"150\" height=\"150\" \/><\/h2>\n<h2>Een aperitief in een vriendelijke sfeer!<\/h2>\n<p><strong>Vanaf 17u30 worden de Edingenaars van alle leeftijden van harte uitgenodigd voor een aperitief!<\/strong><\/p>\n<p>De burgemeester, maar ook alle vertegenwoordigers van Ecolo Edingen zullen aanwezig zijn. Kinderen en volwassenen zullen kunnen genieten van de activiteiten georganiseerd door het \u201cLABO des Arts et du Mouvement d&#8217;Enghien\u201d en van enkele andere verrassingen&#8230;<\/p>\n<h3><img loading=\"lazy\" decoding=\"async\" class=\"size-thumbnail wp-image-2144 alignnone\" src=\"https:\/\/enghien2024.ecolo.me\/wp-content\/uploads\/sites\/462\/2019\/04\/Buffet-froid-150x150.png\" alt=\"\" width=\"150\" height=\"150\" \/><\/h3>\n<h3>Kwaliteitsvol koud buffet<\/h3>\n<p><strong>Vanaf 18u30 wordt een koud buffet met kwaliteitsproducten geserveerd.<\/strong><\/p>\n<h3>Tarieven en reserveringen:<\/h3>\n<p><strong>Voorverkoop volwassenen (aperitief + buffet): 18\u20ac (20\u20ac ter plaatse), kinderen: 10\u20ac (12\u20ac ter plaatse).<\/strong><br \/>\n<strong>Te betalen op rekening BE84 0682 3010 6659 (de betaling geldt als reservering).<\/strong><\/p>","protected":false},"excerpt":{"rendered":"<p>UITNODIGING Ik ben blij u uit te nodigen op het feest van de Burgemeester, een moment van gezelligheid dat zal plaatsvinden op zaterdag 11 mei om 17u30 in het prachtige kader van het Kasteel van het Park van Edingen. We kijken ernaar uit u daar te zien! Olivier Saint-Amand Een aperitief in een vriendelijke sfeer! &hellip;<\/p>\n","protected":false},"author":643,"featured_media":2142,"comment_status":"open","ping_status":"open","sticky":false,"template":"","format":"standard","meta":{"_acf_changed":false,"_et_pb_use_builder":"off","_et_pb_old_content":"<h2>INVITATION<\/h2><h4>J'ai\u00a0le plaisir de vous inviter \u00e0 la f\u00eate du Bourgmestre, moment de convivialit\u00e9 qui aura lieu le <strong>samedi 11 mai d\u00e8s 17h30<\/strong> dans le cadre magnifique <strong>Ch\u00e2teau du Parc d\u2019Enghien<\/strong><\/h4><h4><img class=\"size-thumbnail wp-image-2136 alignnone\" src=\"https:\/\/enghien2024.ecolo.me\/wp-content\/uploads\/sites\/462\/2019\/04\/Olivier-Saint-Amand-Bourgmestre-Enghien-1-150x150.png\" alt=\"\" width=\"150\" height=\"150\" \/><\/h4><h4><em><strong>Au plaisir de vous y voir!?<\/strong><\/em><\/h4><p>Olivier Saint-Amand<\/p><h2>Un ap\u00e9ro en toute convivialit\u00e9 !<\/h2><p><strong>D\u00e8s 17h30, les Enghiennoises et Enghiennois de tous \u00e2ges sont chaleureusement invit\u00e9s pour l\u2019ap\u00e9ro !<\/strong><br \/>Le Bourgmestre, mais \u00e9galement l\u2019ensemble des <a href=\"https:\/\/enghien2024.ecolo.me\/qui-sommes-nous\/\">mandataires Ecolo Enghien<\/a> seront pr\u00e9sents. Les enfants et les adultes pourront profiter d\u2019animations organis\u00e9es par le <strong><a href=\"https:\/\/www.labo-am.be\/\" target=\"_blank\" rel=\"noopener\">LABO des Arts et du Mouvement d\u2019Enghien<\/a>et quelques autres surprises...<\/strong><\/p><h3>Buffet froid compos\u00e9 de produits de qualit\u00e9<\/h3><p><strong>A partir de 18h30, un\u00a0buffet froid\u00a0compos\u00e9 de produits de qualit\u00e9<\/strong> vous sera propos\u00e9.<\/p><h3>Tarifs et r\u00e9servations :<\/h3><p>L\u2019achat des tickets pour le repas est possible en pr\u00e9vente chez \u00ab Case Bois Ch\u00e9ri \u00bb \u00e0 Enghien.<br \/>Il est toujours utile de r\u00e9server par e-mail : <a href=\"mailto:ecolo.enghien@gmail.com\">ecolo.enghien@gmail.com<\/a> ou via notre page Facebook : https:\/\/www.facebook.com\/enghienvertdetoi\/<br \/>Pr\u00e9vente adultes : 18\u20ac (20\u20ac sur place), enfants : 10\u20ac (12\u20ac sur place). A verser sur le compte BE84 0682 3010 6659.<\/p><p>\u00a0<\/p><p>\u00a0<\/p>","_et_gb_content_width":"","footnotes":""},"categories":[25,26,4,28],"tags":[],"class_list":["post-2134","post","type-post","status-publish","format-standard","has-post-thumbnail","hentry","category-a-la-une","category-actualiteit","category-actualites","category-elections-2018"],"acf":[],"_links":{"self":[{"href":"https:\/\/enghien.ecolo.be\/nl\/wp-json\/wp\/v2\/posts\/2134","targetHints":{"allow":["GET"]}}],"collection":[{"href":"https:\/\/enghien.ecolo.be\/nl\/wp-json\/wp\/v2\/posts"}],"about":[{"href":"https:\/\/enghien.ecolo.be\/nl\/wp-json\/wp\/v2\/types\/post"}],"author":[{"embeddable":true,"href":"https:\/\/enghien.ecolo.be\/nl\/wp-json\/wp\/v2\/users\/643"}],"replies":[{"embeddable":true,"href":"https:\/\/enghien.ecolo.be\/nl\/wp-json\/wp\/v2\/comments?post=2134"}],"version-history":[{"count":9,"href":"https:\/\/enghien.ecolo.be\/nl\/wp-json\/wp\/v2\/posts\/2134\/revisions"}],"predecessor-version":[{"id":2152,"href":"https:\/\/enghien.ecolo.be\/nl\/wp-json\/wp\/v2\/posts\/2134\/revisions\/2152"}],"wp:featuredmedia":[{"embeddable":true,"href":"https:\/\/enghien.ecolo.be\/nl\/wp-json\/wp\/v2\/media\/2142"}],"wp:attachment":[{"href":"https:\/\/enghien.ecolo.be\/nl\/wp-json\/wp\/v2\/media?parent=2134"}],"wp:term":[{"taxonomy":"category","embeddable":true,"href":"https:\/\/enghien.ecolo.be\/nl\/wp-json\/wp\/v2\/categories?post=2134"},{"taxonomy":"post_tag","embeddable":true,"href":"https:\/\/enghien.ecolo.be\/nl\/wp-json\/wp\/v2\/tags?post=2134"}],"curies":[{"name":"wp","href":"https:\/\/api.w.org\/{rel}","templated":true}]}}