{"id":204,"date":"2012-06-10T07:44:00","date_gmt":"2012-06-10T05:44:00","guid":{"rendered":"http:\/\/enghien.ecolo.me\/2012\/06\/10\/l-ecopack-pret-a-0-primes\/"},"modified":"2016-12-16T07:34:15","modified_gmt":"2016-12-16T06:34:15","slug":"l-ecopack-pret-a-0-primes","status":"publish","type":"post","link":"https:\/\/enghien.ecolo.be\/nl\/2012\/06\/10\/l-ecopack-pret-a-0-primes\/","title":{"rendered":"L\u2019Ecopack : pr\u00eat \u00e0 0% + primes wallonnes + conseils"},"content":{"rendered":"<p class=\"post_excerpt\"><img75|left> L\u2019Ecopack fait partie des mesures phares lanc\u00e9es en Wallonie par Jean-Marc Nollet dans le cadre de  l\u2019Alliance Emploi-Environnement. Dans le contexte de crise actuel, des politiques durables comme celles de l\u2019Alliance constituent des avanc\u00e9es majeures dans la transition \u00e9cologique de l\u2019\u00e9conomie que nous d\u00e9fendons. De mani\u00e8re plus concr\u00e8te, l\u2019Alliance Emploi-Environnement est \u00e0 la crois\u00e9e des chemins entre l\u2019\u00e9conomique (on r\u00e9duit la facture \u00e9nerg\u00e9tique des m\u00e9nages), le social (on cr\u00e9e de l\u2019emploi non d\u00e9localisable) et environnemental (on diminue la consommation \u00e9nerg\u00e9tique et donc les \u00e9missions de CO\u00b2).\n<\/p>\n<p><!--more--><br \/>\nL\u2019Ecopack est une <strong>aide r\u00e9gionale <\/strong> qui se compose d\u2019un pr\u00eat \u00e0 taux z\u00e9ro (0%) et de primes (primes \u00e9nergie, primes \u00e0 la r\u00e9habilitation, etc.). Celles-ci sont directement d\u00e9duites du capital \u00e0 rembourser. L\u2019Ecopack est propos\u00e9 aux m\u00e9nages wallons afin de <strong>financer les travaux de r\u00e9novation qui leur permettront d\u2019avoir un logement moins \u00e9nergivore. <\/strong><\/p>\n<p>Les travaux financ\u00e9s par l\u2019Ecopack doivent avant tout viser la performance \u00e9nerg\u00e9tique du b\u00e2timent (isolation, chauffage, etc.), mais il est possible d\u2019y joindre des travaux associ\u00e9s, induits (r\u00e9novation de la toiture par exemple) ou des petits travaux \u00e9conomiseurs d\u2019\u00e9nergie (comme l\u2019installation d\u2019un thermostat).<\/p>\n<p>Les Ecopacks fonctionnent en \u00ab bouquet \u00bb \u00e0 savoir qu\u2019il faut r\u00e9aliser au moins deux travaux pour en b\u00e9n\u00e9ficier, dont au moins un obligatoirement dans la cat\u00e9gorie \u00ab performance \u00e9nerg\u00e9tique \u00bb.<\/p>\n<p><strong>Travaux \u00ab Performance \u00e9nerg\u00e9tique<\/strong><br \/>\n&#8211;\tIsolation thermique du toit, des murs ou des sols<br \/>\n&#8211;\tRemplacement des ch\u00e2ssis ou du vitrage<br \/>\n&#8211;\tPlacement d\u2019un syst\u00e8me de ventilation<br \/>\n&#8211;\tInstallation d\u2019une chaudi\u00e8re \u00e0 condensation au gaz naturel, propane ou mazout<br \/>\n&#8211;\tInstallation d\u2019une pompe \u00e0 chaleur<br \/>\n&#8211;\tInstallation d\u2019une chaudi\u00e8re biomasse<br \/>\n&#8211;\tRaccordement \u00e0 un r\u00e9seau de chaleur\t<\/p>\n<p><strong>AUTRES TRAVAUX <\/strong> :<\/p>\n<p><strong>Travaux induits<\/strong><br \/>\n&#8211;\tRemplacement, r\u00e9fection, stabilisation ou traitement de la toiture ou d\u2019une charpente<br \/>\n&#8211;\tPlacement d\u2019un parement ext\u00e9rieur<br \/>\n&#8211;\tHabillage int\u00e9rieur d\u2019un mur<br \/>\n&#8211;\tRemplacement des sols<br \/>\n&#8211;\tAss\u00e8chement des murs<br \/>\n&#8211;\tTubage d\u2019une chemin\u00e9e<\/p>\n<p><strong>Petits travaux \u00e9conomiseurs d\u2019\u00e9nergie<\/strong><br \/>\n&#8211;\tThermostat\/vannes thermostatiques<br \/>\n&#8211;\tFermeture du volume prot\u00e9g\u00e9<br \/>\n&#8211;\tIsolation des conduites de chauffage<br \/>\n&#8211;\tAudit \u00e9nerg\u00e9tique<\/p>\n<p><strong>Travaux pour production d\u2019\u00e9nergie renouvelable (dans \u00ab Autres travaux ):<\/strong><br \/>\n<em>Ces travaux peuvent \u00eatre pris en consid\u00e9ration pour la constitution d\u2019un bouquet MAIS ne sont pas finan\u00e7ables dans le cadre de l\u2019Ecopack s\u2019ils b\u00e9n\u00e9ficient d\u2019un m\u00e9canisme d\u2019aide \u00e0 la production (exemple : certificats verts).<\/em><br \/>\n&#8211;\tPanneaux photovolta\u00efques<br \/>\n&#8211;\tInstallation de capteurs solaires thermiques pour l\u2019eau chaude sanitaire et\/ou le chauffage<br \/>\n&#8211;\tMicro-g\u00e9n\u00e9ration<\/p>\n<p><strong>AVANTAGES DE L&#8217;ECOPACK<\/strong><\/p>\n<p>&#8211;\tPr\u00eat \u00e0 taux z\u00e9ro => formule qui permet \u00e0 des m\u00e9nages \u00e0 revenus plus faibles ou modestes d\u2019envisager des travaux am\u00e9liorant la performance \u00e9nerg\u00e9tique de leur logement.<br \/>\n&#8211;\tD\u00e9duction directe des primes du montant \u00e0 rembourser : simplification des d\u00e9marches pour le demandeur (1 seul dossier) et diminution du montant \u00e0 rembourser => incitant suppl\u00e9mentaire.<br \/>\n&#8211;\tCr\u00e9ation de postes d\u2019\u00e9copasseurs dans toute la Wallonie qui guideront le demandeur dans ses d\u00e9marches y compris dans la pr\u00e9paration du dossier de financement (voir fiche \u00e9copasseurs).<br \/>\n&#8211;\tLe pr\u00eat s\u2019adresse aux propri\u00e9taires, mais aussi au bailleur ou au locataire d\u2019un logement.<br \/>\n&#8211;\tPas de frais, pas d\u2019acte devant notaire.<br \/>\n&#8211;\tPas de limite d\u2019\u00e2ge.<\/p>\n<p>L\u2019Ecopack sest d\u2019application depuis le 1er mai 2012 !<\/p>\n<p><em>Pour de plus amples informations, n\u2019h\u00e9sitez pas \u00e0 contacter le CALL CENTER ECOPACK au <strong>078\/158.008<\/strong>. Les deux organismes officiels charg\u00e9s d\u2019attribuer les Ecopacks sont la Soci\u00e9t\u00e9 wallonne du cr\u00e9dit social (SWCS) et le Fonds du logement des familles nombreuses de Wallonie (FLW). Toute l\u2019info se retrouve sur leurs sites web : www.swcs.be et www.flw.be <\/em> <\/p>\n","protected":false},"excerpt":{"rendered":"<p>L\u2019Ecopack fait partie des mesures phares lanc\u00e9es en Wallonie par Jean-Marc Nollet dans le cadre de l\u2019Alliance Emploi-Environnement. Dans le contexte de crise actuel, des politiques durables comme celles de l\u2019Alliance constituent des avanc\u00e9es majeures dans la transition \u00e9cologique de l\u2019\u00e9conomie que nous d\u00e9fendons. De mani\u00e8re plus concr\u00e8te, l\u2019Alliance Emploi-Environnement est \u00e0 la crois\u00e9e des &hellip;<\/p>\n","protected":false},"author":643,"featured_media":0,"comment_status":"closed","ping_status":"open","sticky":false,"template":"","format":"standard","meta":{"_acf_changed":false,"_et_pb_use_builder":"","_et_pb_old_content":"","_et_gb_content_width":"","footnotes":""},"categories":[20],"tags":[],"class_list":["post-204","post","type-post","status-publish","format-standard","hentry","category-economie"],"acf":[],"_links":{"self":[{"href":"https:\/\/enghien.ecolo.be\/nl\/wp-json\/wp\/v2\/posts\/204","targetHints":{"allow":["GET"]}}],"collection":[{"href":"https:\/\/enghien.ecolo.be\/nl\/wp-json\/wp\/v2\/posts"}],"about":[{"href":"https:\/\/enghien.ecolo.be\/nl\/wp-json\/wp\/v2\/types\/post"}],"author":[{"embeddable":true,"href":"https:\/\/enghien.ecolo.be\/nl\/wp-json\/wp\/v2\/users\/643"}],"replies":[{"embeddable":true,"href":"https:\/\/enghien.ecolo.be\/nl\/wp-json\/wp\/v2\/comments?post=204"}],"version-history":[{"count":1,"href":"https:\/\/enghien.ecolo.be\/nl\/wp-json\/wp\/v2\/posts\/204\/revisions"}],"predecessor-version":[{"id":717,"href":"https:\/\/enghien.ecolo.be\/nl\/wp-json\/wp\/v2\/posts\/204\/revisions\/717"}],"wp:attachment":[{"href":"https:\/\/enghien.ecolo.be\/nl\/wp-json\/wp\/v2\/media?parent=204"}],"wp:term":[{"taxonomy":"category","embeddable":true,"href":"https:\/\/enghien.ecolo.be\/nl\/wp-json\/wp\/v2\/categories?post=204"},{"taxonomy":"post_tag","embeddable":true,"href":"https:\/\/enghien.ecolo.be\/nl\/wp-json\/wp\/v2\/tags?post=204"}],"curies":[{"name":"wp","href":"https:\/\/api.w.org\/{rel}","templated":true}]}}