{"id":199,"date":"2012-05-22T21:15:00","date_gmt":"2012-05-22T19:15:00","guid":{"rendered":"http:\/\/enghien.ecolo.me\/2012\/05\/22\/inauguration-officielle-de-la\/"},"modified":"2016-12-16T07:34:15","modified_gmt":"2016-12-16T06:34:15","slug":"inauguration-officielle-de-la","status":"publish","type":"post","link":"https:\/\/enghien.ecolo.be\/nl\/2012\/05\/22\/inauguration-officielle-de-la\/","title":{"rendered":"Inauguration officielle de la biblioth\u00e8que 16\/6"},"content":{"rendered":"<p class=\"post_excerpt\"><doc68|left> La Biblioth\u00e8que d\u2019Enghien a d\u00e9m\u00e9nag\u00e9. Depuis son installation \u00e0 la rue d\u2019H\u00e9rinnes, la fr\u00e9quentation a consid\u00e9rablement augment\u00e9. En plein c\u0153ur d\u2019Enghien, le pr\u00eat de livres retrouve toute son attractivit\u00e9 pour un large public. Afin de f\u00eater cet \u00e9v\u00e9nement, l\u2019\u00e9chevine de la Culture, Josiane Gillaer, vous invite \u00e0 l\u2019inauguration officielle des b\u00e2timents. Convivialit\u00e9 et surprises au programme de l\u2019apr\u00e8s-midi du 16 juin.<\/p>\n<p><!--more--><br \/>\nImplant\u00e9e \u00e0 la rue des Augustins, dans un b\u00e2timent charg\u00e9 d\u2019histoire, mais difficilement accessible, la biblioth\u00e8que d\u2019Enghien avait perdu une bonne partie de son attractivit\u00e9. Depuis son transfert dans une rue commer\u00e7ante du centre ville, le nombre de visiteurs \u00e0 bien \u00e9volu\u00e9.  Anciens ou nouveaux habitants d\u00e9couvrent ou red\u00e9couvrent ce service de lecture publique. Pas un jour ne passe sans qu&#8217;un nouveau lecteur ne s&#8217;inscrive.<\/p>\n<p>Le samedi 16 juin prochain, pendant les heures normales d\u2019ouverture de la biblioth\u00e8que (14h \u00e0 18h), tous les visiteurs seront invit\u00e9s \u00e0 prendre le verre de l\u2019amiti\u00e9 pour marquer officiellement l\u2019inauguration de la biblioth\u00e8que. A cette occasion, des membres du Centre culturel proposeront des animations autour du livre : lectures vivantes, th\u00e9\u00e2tre, ateliers caricatures ou BD. N\u2019h\u00e9sitez donc plus un seul instant\u2026 Passez par la rue d\u2019H\u00e9rinnes et poussez la porte de la biblioth\u00e8que communale.<\/p>\n","protected":false},"excerpt":{"rendered":"<p>La Biblioth\u00e8que d\u2019Enghien a d\u00e9m\u00e9nag\u00e9. Depuis son installation \u00e0 la rue d\u2019H\u00e9rinnes, la fr\u00e9quentation a consid\u00e9rablement augment\u00e9. En plein c\u0153ur d\u2019Enghien, le pr\u00eat de livres retrouve toute son attractivit\u00e9 pour un large public. Afin de f\u00eater cet \u00e9v\u00e9nement, l\u2019\u00e9chevine de la Culture, Josiane Gillaer, vous invite \u00e0 l\u2019inauguration officielle des b\u00e2timents. Convivialit\u00e9 et surprises au &hellip;<\/p>\n","protected":false},"author":643,"featured_media":0,"comment_status":"closed","ping_status":"open","sticky":false,"template":"","format":"standard","meta":{"_acf_changed":false,"_et_pb_use_builder":"","_et_pb_old_content":"","_et_gb_content_width":"","footnotes":""},"categories":[11],"tags":[],"class_list":["post-199","post","type-post","status-publish","format-standard","hentry","category-culture"],"acf":[],"_links":{"self":[{"href":"https:\/\/enghien.ecolo.be\/nl\/wp-json\/wp\/v2\/posts\/199","targetHints":{"allow":["GET"]}}],"collection":[{"href":"https:\/\/enghien.ecolo.be\/nl\/wp-json\/wp\/v2\/posts"}],"about":[{"href":"https:\/\/enghien.ecolo.be\/nl\/wp-json\/wp\/v2\/types\/post"}],"author":[{"embeddable":true,"href":"https:\/\/enghien.ecolo.be\/nl\/wp-json\/wp\/v2\/users\/643"}],"replies":[{"embeddable":true,"href":"https:\/\/enghien.ecolo.be\/nl\/wp-json\/wp\/v2\/comments?post=199"}],"version-history":[{"count":1,"href":"https:\/\/enghien.ecolo.be\/nl\/wp-json\/wp\/v2\/posts\/199\/revisions"}],"predecessor-version":[{"id":720,"href":"https:\/\/enghien.ecolo.be\/nl\/wp-json\/wp\/v2\/posts\/199\/revisions\/720"}],"wp:attachment":[{"href":"https:\/\/enghien.ecolo.be\/nl\/wp-json\/wp\/v2\/media?parent=199"}],"wp:term":[{"taxonomy":"category","embeddable":true,"href":"https:\/\/enghien.ecolo.be\/nl\/wp-json\/wp\/v2\/categories?post=199"},{"taxonomy":"post_tag","embeddable":true,"href":"https:\/\/enghien.ecolo.be\/nl\/wp-json\/wp\/v2\/tags?post=199"}],"curies":[{"name":"wp","href":"https:\/\/api.w.org\/{rel}","templated":true}]}}