{"id":193,"date":"2012-04-30T12:32:00","date_gmt":"2012-04-30T10:32:00","guid":{"rendered":"http:\/\/enghien.ecolo.me\/2012\/04\/30\/indicateurs-complementaires-au-pib\/"},"modified":"2016-12-16T07:34:15","modified_gmt":"2016-12-16T06:34:15","slug":"indicateurs-complementaires-au-pib","status":"publish","type":"post","link":"https:\/\/enghien.ecolo.be\/nl\/2012\/04\/30\/indicateurs-complementaires-au-pib\/","title":{"rendered":"Indicateurs compl\u00e9mentaires au PIB : large concertation citoyenne"},"content":{"rendered":"<p class=\"post_excerpt\"><doc58|left> La Wallonie interroge ses citoyens pour mettre en place des indicateurs compl\u00e9mentaires au PIB.\n<\/p>\n<p><!--more--><\/p>\n<p>Le Produit Int\u00e9rieur Brut (PIB) est un indicateur phare utilis\u00e9 pour mesurer le d\u00e9veloppement \u00e9conomique. Mais il ne prend en compte ni les enjeux li\u00e9s au bien-\u00eatre des citoyens, ni les limites des ressources de la plan\u00e8te.<\/p>\n<p>C\u2019est pourquoi le Gouvernement wallon, sur proposition du Ministre du D\u00e9veloppement durable Jean-Marc NOLLET, a d\u00e9cid\u00e9 de d\u00e9velopper, en compl\u00e9ment au PIB, de nouveaux indicateurs qui incluent ces dimensions essentielles. Pour savoir ce que les Wallonnes et les Wallons consid\u00e8rent comme indispensable \u00e0 prendre en compte, ils sont invit\u00e9s \u00e0 se prononcer via un site internet qui se veut simple, ludique et interactif :<\/p>\n","protected":false},"excerpt":{"rendered":"<p>La Wallonie interroge ses citoyens pour mettre en place des indicateurs compl\u00e9mentaires au PIB.<\/p>\n","protected":false},"author":643,"featured_media":0,"comment_status":"closed","ping_status":"open","sticky":false,"template":"","format":"standard","meta":{"_acf_changed":false,"_et_pb_use_builder":"","_et_pb_old_content":"","_et_gb_content_width":"","footnotes":""},"categories":[20],"tags":[],"class_list":["post-193","post","type-post","status-publish","format-standard","hentry","category-economie"],"acf":[],"_links":{"self":[{"href":"https:\/\/enghien.ecolo.be\/nl\/wp-json\/wp\/v2\/posts\/193","targetHints":{"allow":["GET"]}}],"collection":[{"href":"https:\/\/enghien.ecolo.be\/nl\/wp-json\/wp\/v2\/posts"}],"about":[{"href":"https:\/\/enghien.ecolo.be\/nl\/wp-json\/wp\/v2\/types\/post"}],"author":[{"embeddable":true,"href":"https:\/\/enghien.ecolo.be\/nl\/wp-json\/wp\/v2\/users\/643"}],"replies":[{"embeddable":true,"href":"https:\/\/enghien.ecolo.be\/nl\/wp-json\/wp\/v2\/comments?post=193"}],"version-history":[{"count":1,"href":"https:\/\/enghien.ecolo.be\/nl\/wp-json\/wp\/v2\/posts\/193\/revisions"}],"predecessor-version":[{"id":726,"href":"https:\/\/enghien.ecolo.be\/nl\/wp-json\/wp\/v2\/posts\/193\/revisions\/726"}],"wp:attachment":[{"href":"https:\/\/enghien.ecolo.be\/nl\/wp-json\/wp\/v2\/media?parent=193"}],"wp:term":[{"taxonomy":"category","embeddable":true,"href":"https:\/\/enghien.ecolo.be\/nl\/wp-json\/wp\/v2\/categories?post=193"},{"taxonomy":"post_tag","embeddable":true,"href":"https:\/\/enghien.ecolo.be\/nl\/wp-json\/wp\/v2\/tags?post=193"}],"curies":[{"name":"wp","href":"https:\/\/api.w.org\/{rel}","templated":true}]}}