{"id":188,"date":"2012-04-19T14:09:26","date_gmt":"2012-04-19T12:09:26","guid":{"rendered":"http:\/\/enghien.ecolo.me\/2012\/04\/19\/des-debats-des-propositions-et-un\/"},"modified":"2016-12-16T07:34:15","modified_gmt":"2016-12-16T06:34:15","slug":"des-debats-des-propositions-et-un","status":"publish","type":"post","link":"https:\/\/enghien.ecolo.be\/nl\/2012\/04\/19\/des-debats-des-propositions-et-un\/","title":{"rendered":"Des d\u00e9bats, des propositions et un nouveau site internet."},"content":{"rendered":"<p class=\"post_excerpt\"><doc43|left>  Ecolo, un parti d\u2019opposition \u00ab un peu contre tout \u00bb\u2026 Cette id\u00e9e est oubli\u00e9e depuis longtemps. A Enghien, les Verts sont associ\u00e9s au pouvoir communal depuis 2001. Leurs \u00e9lus sont cr\u00e9atifs, infatigables et tr\u00e8s pr\u00e9sents sur le terrain. En lien avec leurs partenaires de majorit\u00e9, ils multiplient les id\u00e9es, les propositions et sont hyperactifs pour lancer des initiatives en collaboration et en concertation constante avec les habitants des quartiers de la ville et des villages. <\/p>\n<p><!--more--><br \/>\nLe nouveau \u00ab look \u00bb de notre site Internet vous permettra de vous rendre compte de ce dynamisme. Il ne s\u2019agit pas d\u2019un r\u00e9veil \u00e0 quelques mois des \u00e9lections mais bien de la poursuite d\u2019une activit\u00e9 intense et d\u2019un souci d\u2019information permanent qui se sont notamment traduits par la diffusion de 17 \u00ab lettres vertes \u00bb au cours des quatre derni\u00e8res ann\u00e9es. Signalez-nous ici si vous n\u2019\u00eates pas encore inscrit dans la liste de diffusion de cette newsletter. <\/p>\n<p>En parall\u00e8le des initiatives communales, notre d\u00e9put\u00e9 Ecolo, Olivier Saint-Amand, et le groupe local d\u2019Ecolo Enghien poursuivent un large processus de d\u00e9bats publics lanc\u00e9 en novembre 2011 afin d\u2019\u00eatre au plus pr\u00e8s des pr\u00e9occupations des Enghiennois (citoyens, commer\u00e7ants, sportifs, acteurs de l\u2019associatif et de la culture, travailleurs, employeurs, jeunes, a\u00een\u00e9s, etc.) en vue de la r\u00e9daction du programme Ecolo pour les \u00e9lections communales d\u2019octobre 2012. Impossible en effet pour Ecolo de proposer quoi que ce soit sans avoir au pr\u00e9alable ouvert le dialogue avec les premiers concern\u00e9s, apr\u00e8s avoir men\u00e9 une concertation bas\u00e9e sur les besoins r\u00e9els des citoyens.<\/p>\n<p>Tant les politiques men\u00e9es actuellement par nos \u00e9chevins et nos mandataires locaux que l\u2019agenda de nos d\u00e9bats publics se trouvent sur notre nouveau site internet. Plus de rubriques, plus de th\u00e9matiques, plus d\u2019infos pour en savoir toujours un peu plus sur les enjeux de la politique locale et d\u00e9couvrir les acteurs \u00e9cologistes qui s\u2019engagent pour leur commune. Rendez-vous donc sans tarder \u00e0 l\u2019adresse : www.enghien2024.ecolo.me et ajoutez-la dans votre liste de sites favoris !<\/p>\n<p>Si d\u2019aventure vous aviez une remarque, une question, un commentaire tant sur la forme de ce nouveau site que sur son contenu, nous sommes \u00e9videmment \u00e0 votre \u00e9coute. <\/p>\n","protected":false},"excerpt":{"rendered":"<p>Ecolo, un parti d\u2019opposition \u00ab un peu contre tout \u00bb\u2026 Cette id\u00e9e est oubli\u00e9e depuis longtemps. A Enghien, les Verts sont associ\u00e9s au pouvoir communal depuis 2001. Leurs \u00e9lus sont cr\u00e9atifs, infatigables et tr\u00e8s pr\u00e9sents sur le terrain. En lien avec leurs partenaires de majorit\u00e9, ils multiplient les id\u00e9es, les propositions et sont hyperactifs pour &hellip;<\/p>\n","protected":false},"author":643,"featured_media":0,"comment_status":"closed","ping_status":"open","sticky":false,"template":"","format":"standard","meta":{"_acf_changed":false,"_et_pb_use_builder":"","_et_pb_old_content":"","_et_gb_content_width":"","footnotes":""},"categories":[19],"tags":[],"class_list":["post-188","post","type-post","status-publish","format-standard","hentry","category-politique"],"acf":[],"_links":{"self":[{"href":"https:\/\/enghien.ecolo.be\/nl\/wp-json\/wp\/v2\/posts\/188","targetHints":{"allow":["GET"]}}],"collection":[{"href":"https:\/\/enghien.ecolo.be\/nl\/wp-json\/wp\/v2\/posts"}],"about":[{"href":"https:\/\/enghien.ecolo.be\/nl\/wp-json\/wp\/v2\/types\/post"}],"author":[{"embeddable":true,"href":"https:\/\/enghien.ecolo.be\/nl\/wp-json\/wp\/v2\/users\/643"}],"replies":[{"embeddable":true,"href":"https:\/\/enghien.ecolo.be\/nl\/wp-json\/wp\/v2\/comments?post=188"}],"version-history":[{"count":1,"href":"https:\/\/enghien.ecolo.be\/nl\/wp-json\/wp\/v2\/posts\/188\/revisions"}],"predecessor-version":[{"id":727,"href":"https:\/\/enghien.ecolo.be\/nl\/wp-json\/wp\/v2\/posts\/188\/revisions\/727"}],"wp:attachment":[{"href":"https:\/\/enghien.ecolo.be\/nl\/wp-json\/wp\/v2\/media?parent=188"}],"wp:term":[{"taxonomy":"category","embeddable":true,"href":"https:\/\/enghien.ecolo.be\/nl\/wp-json\/wp\/v2\/categories?post=188"},{"taxonomy":"post_tag","embeddable":true,"href":"https:\/\/enghien.ecolo.be\/nl\/wp-json\/wp\/v2\/tags?post=188"}],"curies":[{"name":"wp","href":"https:\/\/api.w.org\/{rel}","templated":true}]}}