{"id":185,"date":"2012-04-13T14:03:00","date_gmt":"2012-04-13T12:03:00","guid":{"rendered":"http:\/\/enghien.ecolo.me\/2012\/04\/13\/la-scene-aux-ados\/"},"modified":"2016-12-16T07:34:15","modified_gmt":"2016-12-16T06:34:15","slug":"la-scene-aux-ados","status":"publish","type":"post","link":"https:\/\/enghien.ecolo.be\/nl\/2012\/04\/13\/la-scene-aux-ados\/","title":{"rendered":"\u00ab La sc\u00e8ne aux ados \u00bb &#8211; 28-29\/4"},"content":{"rendered":"<p class=\"post_excerpt\"><doc48|left> Depuis quelques ann\u00e9es, les jeunes de notre r\u00e9gion ont l\u2019occasion de participer \u00e0 des ateliers de th\u00e9\u00e2tre organis\u00e9s par le Centre culturel d\u2019Enghien. Tous les deux ans, &#8220;La sc\u00e8ne aux ados&#8221; dynamise et met en lumi\u00e8re l\u2019activit\u00e9 de ces jeunes en leur proposant de jouer des pi\u00e8ces contemporaines sp\u00e9cialement \u00e9crites pour eux. <\/p>\n<p><!--more--><br \/>\nL\u2019atelier-th\u00e9\u00e2tre d\u2019Enghien a mis en sc\u00e8ne plusieurs pi\u00e8ces. Elles seront pr\u00e9sent\u00e9es \u00e0 la Maison Jonathas avec celles de jeunes venus d\u2019autres communes, le 28 avril (20h) et le 29 avril (15h). Au programme, 5 spectacles de 30 min jou\u00e9s par de jeunes com\u00e9diens de 12 \u00e0 18 ans. Toutes les pi\u00e8ces pr\u00e9sent\u00e9es ont \u00e9t\u00e9 \u00e9crites \u00e0 l\u2019occasion d\u2019un concours et publi\u00e9es dans la collection \u00ab Sc\u00e8ne aux ados \u00bb.<\/p>\n<p>Ce projet offrira aussi la possibilit\u00e9 \u00e0 nos jeunes d\u2019\u00eatre invit\u00e9s \u00e0 se produire sur d\u2019autres sc\u00e8nes de Wallonie et de Bruxelles, jusqu\u2019\u00e0 la fin du mois de mai.<\/p>\n<p><em>Renseignement : Centre culturel d\u2019Enghien \u2013 02\/396.37.87<\/em><\/p>\n","protected":false},"excerpt":{"rendered":"<p>Depuis quelques ann\u00e9es, les jeunes de notre r\u00e9gion ont l\u2019occasion de participer \u00e0 des ateliers de th\u00e9\u00e2tre organis\u00e9s par le Centre culturel d\u2019Enghien. Tous les deux ans, &#8220;La sc\u00e8ne aux ados&#8221; dynamise et met en lumi\u00e8re l\u2019activit\u00e9 de ces jeunes en leur proposant de jouer des pi\u00e8ces contemporaines sp\u00e9cialement \u00e9crites pour eux.<\/p>\n","protected":false},"author":643,"featured_media":0,"comment_status":"closed","ping_status":"open","sticky":false,"template":"","format":"standard","meta":{"_acf_changed":false,"_et_pb_use_builder":"","_et_pb_old_content":"","_et_gb_content_width":"","footnotes":""},"categories":[11],"tags":[],"class_list":["post-185","post","type-post","status-publish","format-standard","hentry","category-culture"],"acf":[],"_links":{"self":[{"href":"https:\/\/enghien.ecolo.be\/nl\/wp-json\/wp\/v2\/posts\/185","targetHints":{"allow":["GET"]}}],"collection":[{"href":"https:\/\/enghien.ecolo.be\/nl\/wp-json\/wp\/v2\/posts"}],"about":[{"href":"https:\/\/enghien.ecolo.be\/nl\/wp-json\/wp\/v2\/types\/post"}],"author":[{"embeddable":true,"href":"https:\/\/enghien.ecolo.be\/nl\/wp-json\/wp\/v2\/users\/643"}],"replies":[{"embeddable":true,"href":"https:\/\/enghien.ecolo.be\/nl\/wp-json\/wp\/v2\/comments?post=185"}],"version-history":[{"count":1,"href":"https:\/\/enghien.ecolo.be\/nl\/wp-json\/wp\/v2\/posts\/185\/revisions"}],"predecessor-version":[{"id":731,"href":"https:\/\/enghien.ecolo.be\/nl\/wp-json\/wp\/v2\/posts\/185\/revisions\/731"}],"wp:attachment":[{"href":"https:\/\/enghien.ecolo.be\/nl\/wp-json\/wp\/v2\/media?parent=185"}],"wp:term":[{"taxonomy":"category","embeddable":true,"href":"https:\/\/enghien.ecolo.be\/nl\/wp-json\/wp\/v2\/categories?post=185"},{"taxonomy":"post_tag","embeddable":true,"href":"https:\/\/enghien.ecolo.be\/nl\/wp-json\/wp\/v2\/tags?post=185"}],"curies":[{"name":"wp","href":"https:\/\/api.w.org\/{rel}","templated":true}]}}