{"id":184,"date":"2012-04-13T14:01:00","date_gmt":"2012-04-13T12:01:00","guid":{"rendered":"http:\/\/enghien.ecolo.me\/2012\/04\/13\/je-lis-dans-ma-commune\/"},"modified":"2016-12-16T07:34:15","modified_gmt":"2016-12-16T06:34:15","slug":"je-lis-dans-ma-commune-2","status":"publish","type":"post","link":"https:\/\/enghien.ecolo.be\/nl\/2012\/04\/13\/je-lis-dans-ma-commune-2\/","title":{"rendered":"\u00ab Je lis dans ma commune \u00bb &#8211; 28\/4"},"content":{"rendered":"<p class=\"post_excerpt\"><doc47|left> La Biblioth\u00e8que d\u2019Enghien, fraichement install\u00e9e dans ses nouveaux locaux de la rue d\u2019H\u00e9rinnes, organise des animations dans le cadre de l\u2019op\u00e9ration \u00ab Je lis dans ma commune \u00bb. Chaque ann\u00e9e, autour de la journ\u00e9e mondiale du livre (23 avril), des activit\u00e9s de promotion de la lecture sont propos\u00e9es aux visiteurs. Une occasion suppl\u00e9mentaire pour pousser la porte de votre biblioth\u00e8que.<\/p>\n<p><!--more--><br \/>\nLe th\u00e8me choisi pour cette ann\u00e9e sera <strong>\u00ab La musique des mots \u00bb. <\/strong>A cette occasion, un partenariat a \u00e9t\u00e9 imagin\u00e9 entre la Biblioth\u00e8que communale, le Centre culturel et l\u2019Acad\u00e9mie de musique. Des activit\u00e9s se d\u00e9rouleront dans ces trois lieux de culture, les mercredi 25 avril et  samedi 28 avril, entre 14 et 18h.<\/p>\n<p>La biblioth\u00e8que communale proposera un quiz musical pour les enfants et un quiz sur ce m\u00eame th\u00e8me destin\u00e9 aux adultes. Les \u00e9l\u00e8ves de l\u2019acad\u00e9mie de musique, section \u00ab art de la parole \u00bb, d\u00e9clameront des textes mettant en \u00e9vidence la dimension th\u00e9\u00e2trale et musicale des mots et de la lecture. Le Centre culturel proposera deux activit\u00e9s dans le Parc d\u2019Enghien : \u00ab Les livres voyagent \u00bb, \u00e9change de livres et \u00ab Les mots en balade \u00bb, d\u00e9couvertes litt\u00e9raires au sein du Parc. Les participants \u00e0 ces activit\u00e9s les plus chanceux repartiront m\u00eame avec un ch\u00e8que-livre \u00e0 gagner au terme d\u2019un concours.<\/p>\n<p><em>Infos : Biblioth\u00e8que communale \u2013 0492\/272.419 \/ Acad\u00e9mie de musique &#8211; 02\/395.59.62 \/ Centre Culturel &#8211; 02\/396.37.87 <\/em>&#8211; www.ccenghien.com<\/p>\n","protected":false},"excerpt":{"rendered":"<p>La Biblioth\u00e8que d\u2019Enghien, fraichement install\u00e9e dans ses nouveaux locaux de la rue d\u2019H\u00e9rinnes, organise des animations dans le cadre de l\u2019op\u00e9ration \u00ab Je lis dans ma commune \u00bb. Chaque ann\u00e9e, autour de la journ\u00e9e mondiale du livre (23 avril), des activit\u00e9s de promotion de la lecture sont propos\u00e9es aux visiteurs. Une occasion suppl\u00e9mentaire pour pousser &hellip;<\/p>\n","protected":false},"author":643,"featured_media":0,"comment_status":"closed","ping_status":"open","sticky":false,"template":"","format":"standard","meta":{"_acf_changed":false,"_et_pb_use_builder":"","_et_pb_old_content":"","_et_gb_content_width":"","footnotes":""},"categories":[11],"tags":[],"class_list":["post-184","post","type-post","status-publish","format-standard","hentry","category-culture"],"acf":[],"_links":{"self":[{"href":"https:\/\/enghien.ecolo.be\/nl\/wp-json\/wp\/v2\/posts\/184","targetHints":{"allow":["GET"]}}],"collection":[{"href":"https:\/\/enghien.ecolo.be\/nl\/wp-json\/wp\/v2\/posts"}],"about":[{"href":"https:\/\/enghien.ecolo.be\/nl\/wp-json\/wp\/v2\/types\/post"}],"author":[{"embeddable":true,"href":"https:\/\/enghien.ecolo.be\/nl\/wp-json\/wp\/v2\/users\/643"}],"replies":[{"embeddable":true,"href":"https:\/\/enghien.ecolo.be\/nl\/wp-json\/wp\/v2\/comments?post=184"}],"version-history":[{"count":1,"href":"https:\/\/enghien.ecolo.be\/nl\/wp-json\/wp\/v2\/posts\/184\/revisions"}],"predecessor-version":[{"id":732,"href":"https:\/\/enghien.ecolo.be\/nl\/wp-json\/wp\/v2\/posts\/184\/revisions\/732"}],"wp:attachment":[{"href":"https:\/\/enghien.ecolo.be\/nl\/wp-json\/wp\/v2\/media?parent=184"}],"wp:term":[{"taxonomy":"category","embeddable":true,"href":"https:\/\/enghien.ecolo.be\/nl\/wp-json\/wp\/v2\/categories?post=184"},{"taxonomy":"post_tag","embeddable":true,"href":"https:\/\/enghien.ecolo.be\/nl\/wp-json\/wp\/v2\/tags?post=184"}],"curies":[{"name":"wp","href":"https:\/\/api.w.org\/{rel}","templated":true}]}}