{"id":183,"date":"2012-04-19T13:59:48","date_gmt":"2012-04-19T11:59:48","guid":{"rendered":"http:\/\/enghien.ecolo.me\/2012\/04\/19\/parc-scientifique-qualitis-renouer\/"},"modified":"2016-12-16T07:34:15","modified_gmt":"2016-12-16T06:34:15","slug":"parc-scientifique-qualitis-renouer","status":"publish","type":"post","link":"https:\/\/enghien.ecolo.be\/nl\/2012\/04\/19\/parc-scientifique-qualitis-renouer\/","title":{"rendered":"Parc scientifique Qualitis : Renouer le dialogue entre riverains et IDETA, une priorit\u00e9 pour Ecolo."},"content":{"rendered":"<p class=\"post_excerpt\"><doc44|left> Situ\u00e9e \u00e0 proximit\u00e9 du Parc d\u2019Enghien, la zone d\u2019activit\u00e9s \u00e9conomiques Qualitis a \u00e9t\u00e9 con\u00e7ue avec de hautes exigences qualitatives en mati\u00e8re d\u2019am\u00e9nagements urbanistique et paysagers. Pour fixer ces normes, l\u2019Intercommunale IDETA a organis\u00e9 d\u2019intenses et fructueuses concertations avec les autorit\u00e9s communales et les riverains. Aujourd\u2019hui, alors que les premi\u00e8res entreprises souhaitent enfin s\u2019installer sur le site, ce dialogue semble avoir \u00e9t\u00e9 oubli\u00e9. <\/p>\n<p><!--more--><br \/>\nDepuis 2004, au terme d\u2019une proc\u00e9dure largement concert\u00e9e, et adopt\u00e9e d\u00e9mocratiquement, entre IDETA, le pouvoir communal et les riverains, l\u2019intercommunale dispose d\u2019un permis pour commercialiser les terrains d\u2019une zone d\u2019activit\u00e9 \u00e9conomique situ\u00e9e sur le territoire d\u2019Enghien. Le parc scientifique Qualitis fait depuis lors partie du r\u00e9seau wallon des espaces d\u00e9di\u00e9s aux entreprises de recherche et d\u2019innovation. Le permis accord\u00e9 \u00e0 IDETA d\u00e9termine non seulement le type d\u2019activit\u00e9s qui peuvent \u00eatre accueillies dans ce parc, mais aussi des normes urbanistiques claires et pr\u00e9cises. <\/p>\n<p>Ces derniers mois, \u00e0 plusieurs reprises, des demandes de permis ont \u00e9t\u00e9 introduites \u00e0 la commune par IDETA. Elles contiennent \u00e0 chaque fois des d\u00e9rogations majeures aux prescriptions en vigueur. C\u2019est le cas de la derni\u00e8re demande en date : un projet de boulangerie industrielle, l\u2019Ecopain d\u2019Ignace, a \u00e9t\u00e9 propos\u00e9 alors qu\u2019il ne r\u00e9pondait pas aux normes urbanistiques pr\u00e9vues. La CCATM et le Coll\u00e8ge communal de la Ville d\u2019Enghien ne s\u2019y sont pas tromp\u00e9s. Ces deux instances ont rendu un avis d\u00e9favorable sur cette demande de permis tout en insistant sur la tenue d&#8217;une r\u00e9union de concertation pr\u00e9alable avec l&#8217;ensemble des riverains concern\u00e9s .<\/p>\n<p>Ideta, ayant reconnu son erreur de communication, a finalement r\u00e9pondu \u00e0 la demande et a organis\u00e9 a posteriori (le 3 avril dernier), une rencontre avec les riverains.<\/p>\n<p>Pour Ecolo, il ressort de cette rencontre qu\u2019ind\u00e9pendamment du projet m\u00eame de cette entreprise (projet qui par ailleurs offre plusieurs aspects int\u00e9ressants : produits de qualit\u00e9, conversion au bio, structure faisant la part belle aux \u00e9conomies d\u2019\u00e9nergie), IDETA doit soigner sa communication sur chaque projet et r\u00e9cr\u00e9er les conditions d\u2019un dialogue permettant de r\u00e9instaurer un climat de confiance avec les riverains. <\/p>\n<p>Gr\u00e2ce \u00e0 l\u2019action d\u2019Ecolo, IDETA s\u2019est engag\u00e9e en fin de d\u00e9bat \u00e0 organiser une rencontre g\u00e9n\u00e9rale avec les riverains o\u00f9 serait expos\u00e9e de mani\u00e8re globale la vision du d\u00e9veloppement du parc Qualitis pour le futur. Il est probable qu\u2019en dix ans, la r\u00e9alit\u00e9 \u00e9conomique ait chang\u00e9 et que des ajustements doivent \u00eatre envisag\u00e9s quant \u00e0 la nature des activit\u00e9s du Parc Qualitis. Mais ceci ne peut se faire sans concertation avec les autorit\u00e9s communales et sans dialogue avec les riverains hautement concern\u00e9s par l\u2019impact des projets \u00e0 venir.<\/p>\n<p>Au nom de la qualit\u00e9 de vie des Enghiennois et de l\u2019int\u00e9gration harmonieuse de l\u2019activit\u00e9 \u00e9conomique \u00e0 proximit\u00e9 des habitations, le Coll\u00e8ge communal a pris position contre le projet de boulangerie industrielle tel que propos\u00e9 par IDETA. Il d\u00e9roge tant \u00e0 l\u2019esprit initial du  type d\u2019activit\u00e9s autoris\u00e9 dans un parc scientifique, qu\u2019aux prescriptions du Plan communal d\u2019am\u00e9nagement qui fixe les gabarits des b\u00e2timents \u00e0 construire. Ceci n\u2019entache en rien la volont\u00e9 des autorit\u00e9s communales, en g\u00e9n\u00e9ral, et d\u2019ECOLO, en particulier, de d\u00e9velopper l\u2019activit\u00e9 \u00e9conomique attendue sur le site Qualitis avec la perspective de cr\u00e9ation de nouveaux emplois.<\/p>\n","protected":false},"excerpt":{"rendered":"<p>Situ\u00e9e \u00e0 proximit\u00e9 du Parc d\u2019Enghien, la zone d\u2019activit\u00e9s \u00e9conomiques Qualitis a \u00e9t\u00e9 con\u00e7ue avec de hautes exigences qualitatives en mati\u00e8re d\u2019am\u00e9nagements urbanistique et paysagers. Pour fixer ces normes, l\u2019Intercommunale IDETA a organis\u00e9 d\u2019intenses et fructueuses concertations avec les autorit\u00e9s communales et les riverains. Aujourd\u2019hui, alors que les premi\u00e8res entreprises souhaitent enfin s\u2019installer sur le &hellip;<\/p>\n","protected":false},"author":643,"featured_media":0,"comment_status":"closed","ping_status":"open","sticky":false,"template":"","format":"standard","meta":{"_acf_changed":false,"_et_pb_use_builder":"","_et_pb_old_content":"","_et_gb_content_width":"","footnotes":""},"categories":[20],"tags":[],"class_list":["post-183","post","type-post","status-publish","format-standard","hentry","category-economie"],"acf":[],"_links":{"self":[{"href":"https:\/\/enghien.ecolo.be\/nl\/wp-json\/wp\/v2\/posts\/183","targetHints":{"allow":["GET"]}}],"collection":[{"href":"https:\/\/enghien.ecolo.be\/nl\/wp-json\/wp\/v2\/posts"}],"about":[{"href":"https:\/\/enghien.ecolo.be\/nl\/wp-json\/wp\/v2\/types\/post"}],"author":[{"embeddable":true,"href":"https:\/\/enghien.ecolo.be\/nl\/wp-json\/wp\/v2\/users\/643"}],"replies":[{"embeddable":true,"href":"https:\/\/enghien.ecolo.be\/nl\/wp-json\/wp\/v2\/comments?post=183"}],"version-history":[{"count":1,"href":"https:\/\/enghien.ecolo.be\/nl\/wp-json\/wp\/v2\/posts\/183\/revisions"}],"predecessor-version":[{"id":729,"href":"https:\/\/enghien.ecolo.be\/nl\/wp-json\/wp\/v2\/posts\/183\/revisions\/729"}],"wp:attachment":[{"href":"https:\/\/enghien.ecolo.be\/nl\/wp-json\/wp\/v2\/media?parent=183"}],"wp:term":[{"taxonomy":"category","embeddable":true,"href":"https:\/\/enghien.ecolo.be\/nl\/wp-json\/wp\/v2\/categories?post=183"},{"taxonomy":"post_tag","embeddable":true,"href":"https:\/\/enghien.ecolo.be\/nl\/wp-json\/wp\/v2\/tags?post=183"}],"curies":[{"name":"wp","href":"https:\/\/api.w.org\/{rel}","templated":true}]}}