{"id":155,"date":"2012-01-29T12:51:11","date_gmt":"2012-01-29T11:51:11","guid":{"rendered":"http:\/\/enghien.ecolo.me\/2012\/01\/29\/communique-de-haute-senne-logement\/"},"modified":"2016-12-16T07:34:16","modified_gmt":"2016-12-16T06:34:16","slug":"communique-de-haute-senne-logement","status":"publish","type":"post","link":"https:\/\/enghien.ecolo.be\/nl\/2012\/01\/29\/communique-de-haute-senne-logement\/","title":{"rendered":"Communiqu\u00e9 de &#8220;Haute Senne Logement&#8221;"},"content":{"rendered":"<p class=\"post_excerpt\">Appel \u00e0 renouveler les demandes aupr\u00e8s de la Soci\u00e9t\u00e9 de logements publics &#8220;Haute Senne Logement&#8221; (HSL).<\/p>\n<p><!--more--><br \/>\nLa soci\u00e9t\u00e9 de logements publics &#8220;Haute Senne Logement&#8221; fait savoir \u00e0 toutes les communes concern\u00e9es (dont Enghien) que toute personne <b>candidate<\/b> \u00e0 un logement social aupr\u00e8s de sa soci\u00e9t\u00e9 doit renouveler sa demande entre le 1er janvier et le 15 f\u00e9vrier 2012 sous peine d&#8217;\u00eatre radi\u00e9e de ses listes d&#8217;attente et de perdre alors ses points d&#8217;anciennet\u00e9.<\/p>\n<p>Ses bureaux sont ouverts \u00e0 Soignies les lundis de 9h \u00e0 12h et de 13h30 \u00e0 16h.<\/p>\n<hr>\n<p>HSL est aussi accessible par t\u00e9l\u00e9phone au 067\/34.70.34 tous les jours (sauf le mercredi) de 9h \u00e0 12h et de 13h \u00e0 16h.<\/p>\n<p>Par courrier, s&#8217;adresser \u00e0 :<br \/>Haute Senne Logement<br \/>Rue des Tanneurs, 10<br \/>7060 Soignies<\/p>\n","protected":false},"excerpt":{"rendered":"<p>Appel \u00e0 renouveler les demandes aupr\u00e8s de la Soci\u00e9t\u00e9 de logements publics &#8220;Haute Senne Logement&#8221; (HSL).<\/p>\n","protected":false},"author":643,"featured_media":0,"comment_status":"closed","ping_status":"open","sticky":false,"template":"","format":"standard","meta":{"_acf_changed":false,"_et_pb_use_builder":"","_et_pb_old_content":"","_et_gb_content_width":"","footnotes":""},"categories":[8],"tags":[],"class_list":["post-155","post","type-post","status-publish","format-standard","hentry","category-logement-et-patrimoine"],"acf":[],"_links":{"self":[{"href":"https:\/\/enghien.ecolo.be\/nl\/wp-json\/wp\/v2\/posts\/155","targetHints":{"allow":["GET"]}}],"collection":[{"href":"https:\/\/enghien.ecolo.be\/nl\/wp-json\/wp\/v2\/posts"}],"about":[{"href":"https:\/\/enghien.ecolo.be\/nl\/wp-json\/wp\/v2\/types\/post"}],"author":[{"embeddable":true,"href":"https:\/\/enghien.ecolo.be\/nl\/wp-json\/wp\/v2\/users\/643"}],"replies":[{"embeddable":true,"href":"https:\/\/enghien.ecolo.be\/nl\/wp-json\/wp\/v2\/comments?post=155"}],"version-history":[{"count":1,"href":"https:\/\/enghien.ecolo.be\/nl\/wp-json\/wp\/v2\/posts\/155\/revisions"}],"predecessor-version":[{"id":745,"href":"https:\/\/enghien.ecolo.be\/nl\/wp-json\/wp\/v2\/posts\/155\/revisions\/745"}],"wp:attachment":[{"href":"https:\/\/enghien.ecolo.be\/nl\/wp-json\/wp\/v2\/media?parent=155"}],"wp:term":[{"taxonomy":"category","embeddable":true,"href":"https:\/\/enghien.ecolo.be\/nl\/wp-json\/wp\/v2\/categories?post=155"},{"taxonomy":"post_tag","embeddable":true,"href":"https:\/\/enghien.ecolo.be\/nl\/wp-json\/wp\/v2\/tags?post=155"}],"curies":[{"name":"wp","href":"https:\/\/api.w.org\/{rel}","templated":true}]}}