{"id":154,"date":"2012-01-29T12:46:44","date_gmt":"2012-01-29T11:46:44","guid":{"rendered":"http:\/\/enghien.ecolo.me\/2012\/01\/29\/depuis-le-2-janvier-la\/"},"modified":"2016-12-16T07:34:16","modified_gmt":"2016-12-16T06:34:16","slug":"depuis-le-2-janvier-la","status":"publish","type":"post","link":"https:\/\/enghien.ecolo.be\/nl\/2012\/01\/29\/depuis-le-2-janvier-la\/","title":{"rendered":"Depuis le 2 janvier, la biblioth\u00e8que d&#8217;Enghien a rouvert ses portes \u00e0 la rue d&#8217;H\u00e9rinnes !"},"content":{"rendered":"<p><img loading=\"lazy\" decoding=\"async\" class=\" aligncenter size-full wp-image-153\" src=\"http:\/\/enghien.ecolo.me\/wp-content\/uploads\/sites\/462\/2012\/01\/jpg_reouverturebib.jpg\" alt=\"reouverturebib.jpg\" align=\"center\" width=\"472\" height=\"681\" srcset=\"https:\/\/enghien.ecolo.be\/wp-content\/uploads\/sites\/462\/2012\/01\/jpg_reouverturebib.jpg 472w, https:\/\/enghien.ecolo.be\/wp-content\/uploads\/sites\/462\/2012\/01\/jpg_reouverturebib-208x300.jpg 208w\" sizes=\"(max-width: 472px) 100vw, 472px\" \/><\/p>\n","protected":false},"excerpt":{"rendered":"","protected":false},"author":643,"featured_media":153,"comment_status":"closed","ping_status":"open","sticky":false,"template":"","format":"standard","meta":{"_acf_changed":false,"_et_pb_use_builder":"","_et_pb_old_content":"","_et_gb_content_width":"","footnotes":""},"categories":[11],"tags":[],"class_list":["post-154","post","type-post","status-publish","format-standard","has-post-thumbnail","hentry","category-culture"],"acf":[],"_links":{"self":[{"href":"https:\/\/enghien.ecolo.be\/nl\/wp-json\/wp\/v2\/posts\/154","targetHints":{"allow":["GET"]}}],"collection":[{"href":"https:\/\/enghien.ecolo.be\/nl\/wp-json\/wp\/v2\/posts"}],"about":[{"href":"https:\/\/enghien.ecolo.be\/nl\/wp-json\/wp\/v2\/types\/post"}],"author":[{"embeddable":true,"href":"https:\/\/enghien.ecolo.be\/nl\/wp-json\/wp\/v2\/users\/643"}],"replies":[{"embeddable":true,"href":"https:\/\/enghien.ecolo.be\/nl\/wp-json\/wp\/v2\/comments?post=154"}],"version-history":[{"count":1,"href":"https:\/\/enghien.ecolo.be\/nl\/wp-json\/wp\/v2\/posts\/154\/revisions"}],"predecessor-version":[{"id":746,"href":"https:\/\/enghien.ecolo.be\/nl\/wp-json\/wp\/v2\/posts\/154\/revisions\/746"}],"wp:featuredmedia":[{"embeddable":true,"href":"https:\/\/enghien.ecolo.be\/nl\/wp-json\/wp\/v2\/media\/153"}],"wp:attachment":[{"href":"https:\/\/enghien.ecolo.be\/nl\/wp-json\/wp\/v2\/media?parent=154"}],"wp:term":[{"taxonomy":"category","embeddable":true,"href":"https:\/\/enghien.ecolo.be\/nl\/wp-json\/wp\/v2\/categories?post=154"},{"taxonomy":"post_tag","embeddable":true,"href":"https:\/\/enghien.ecolo.be\/nl\/wp-json\/wp\/v2\/tags?post=154"}],"curies":[{"name":"wp","href":"https:\/\/api.w.org\/{rel}","templated":true}]}}