{"id":149,"date":"2012-01-29T12:39:43","date_gmt":"2012-01-29T11:39:43","guid":{"rendered":"http:\/\/enghien.ecolo.me\/2012\/01\/29\/vers-un-nouveau-duo-de\/"},"modified":"2016-12-16T07:34:16","modified_gmt":"2016-12-16T06:34:16","slug":"vers-un-nouveau-duo-de","status":"publish","type":"post","link":"https:\/\/enghien.ecolo.be\/nl\/2012\/01\/29\/vers-un-nouveau-duo-de\/","title":{"rendered":"Vers un nouveau duo de copr\u00e9sidents&#8230;"},"content":{"rendered":"<p class=\"post_excerpt\">Le 4 mars prochain, lors d&#8217;une Assembl\u00e9e g\u00e9n\u00e9rale, les membres d&#8217;ECOLO \u00e9liront leur nouveau secr\u00e9tariat f\u00e9d\u00e9ral. Trois couples se sont port\u00e9s candidats pour remplacer Jean-Michel Javaux et Sarah Turine.<\/p>\n<p><!--more--><br \/>\n<a href=\"http:\/\/web4.ecolo.be\/?-Equipes-de-candidats-co-presidents-\" target=\"_new\">Pour en savoir plus sur l&#8217;\u00e9lection des copr\u00e9sidents&#8230;<\/a><\/p>\n","protected":false},"excerpt":{"rendered":"<p>Le 4 mars prochain, lors d&#8217;une Assembl\u00e9e g\u00e9n\u00e9rale, les membres d&#8217;ECOLO \u00e9liront leur nouveau secr\u00e9tariat f\u00e9d\u00e9ral. Trois couples se sont port\u00e9s candidats pour remplacer Jean-Michel Javaux et Sarah Turine.<\/p>\n","protected":false},"author":643,"featured_media":0,"comment_status":"closed","ping_status":"open","sticky":false,"template":"","format":"standard","meta":{"_acf_changed":false,"_et_pb_use_builder":"","_et_pb_old_content":"","_et_gb_content_width":"","footnotes":""},"categories":[19],"tags":[],"class_list":["post-149","post","type-post","status-publish","format-standard","hentry","category-politique"],"acf":[],"_links":{"self":[{"href":"https:\/\/enghien.ecolo.be\/nl\/wp-json\/wp\/v2\/posts\/149","targetHints":{"allow":["GET"]}}],"collection":[{"href":"https:\/\/enghien.ecolo.be\/nl\/wp-json\/wp\/v2\/posts"}],"about":[{"href":"https:\/\/enghien.ecolo.be\/nl\/wp-json\/wp\/v2\/types\/post"}],"author":[{"embeddable":true,"href":"https:\/\/enghien.ecolo.be\/nl\/wp-json\/wp\/v2\/users\/643"}],"replies":[{"embeddable":true,"href":"https:\/\/enghien.ecolo.be\/nl\/wp-json\/wp\/v2\/comments?post=149"}],"version-history":[{"count":1,"href":"https:\/\/enghien.ecolo.be\/nl\/wp-json\/wp\/v2\/posts\/149\/revisions"}],"predecessor-version":[{"id":749,"href":"https:\/\/enghien.ecolo.be\/nl\/wp-json\/wp\/v2\/posts\/149\/revisions\/749"}],"wp:attachment":[{"href":"https:\/\/enghien.ecolo.be\/nl\/wp-json\/wp\/v2\/media?parent=149"}],"wp:term":[{"taxonomy":"category","embeddable":true,"href":"https:\/\/enghien.ecolo.be\/nl\/wp-json\/wp\/v2\/categories?post=149"},{"taxonomy":"post_tag","embeddable":true,"href":"https:\/\/enghien.ecolo.be\/nl\/wp-json\/wp\/v2\/tags?post=149"}],"curies":[{"name":"wp","href":"https:\/\/api.w.org\/{rel}","templated":true}]}}